{"id":36794,"date":"2026-02-26T15:24:18","date_gmt":"2026-02-26T14:24:18","guid":{"rendered":"https:\/\/biocontroltechnologies.com\/2026\/02\/26\/finalitzacio-del-projecte-financat-pel-cdti\/"},"modified":"2026-02-27T13:08:50","modified_gmt":"2026-02-27T12:08:50","slug":"finalitzacio-del-projecte-financat-pel-cdti","status":"publish","type":"post","link":"https:\/\/biocontroltechnologies.com\/ca\/2026\/02\/26\/finalitzacio-del-projecte-financat-pel-cdti\/","title":{"rendered":"Finalitzaci\u00f3 del projecte finan\u00e7at pel CDTI"},"content":{"rendered":"\t\t<div data-elementor-type=\"wp-post\" data-elementor-id=\"36794\" class=\"elementor elementor-36794 elementor-36524\" data-elementor-post-type=\"post\">\n\t\t\t\t\t\t<section class=\"elementor-section elementor-top-section elementor-element elementor-element-9078acc elementor-section-boxed elementor-section-height-default elementor-section-height-default\" data-id=\"9078acc\" data-element_type=\"section\" data-e-type=\"section\">\n\t\t\t\t\t\t<div class=\"elementor-container elementor-column-gap-default\">\n\t\t\t\t\t<div class=\"elementor-column elementor-col-100 elementor-top-column elementor-element elementor-element-634d4a2\" data-id=\"634d4a2\" data-element_type=\"column\" data-e-type=\"column\">\n\t\t\t<div class=\"elementor-widget-wrap elementor-element-populated\">\n\t\t\t\t\t\t<div class=\"elementor-element elementor-element-5b63bae elementor-widget elementor-widget-heading\" data-id=\"5b63bae\" data-element_type=\"widget\" data-e-type=\"widget\" data-widget_type=\"heading.default\">\n\t\t\t\t\t<h1 class=\"elementor-heading-title elementor-size-default\">Biocontrol Technologies finalitza el projecte d\u2019R+D+i finan\u00e7at pel CDTI<\/h1>\t\t\t\t<\/div>\n\t\t\t\t<div class=\"elementor-element elementor-element-28b4161 elementor-share-buttons--shape-circle elementor-share-buttons--view-icon-text elementor-share-buttons--skin-gradient elementor-grid-0 elementor-share-buttons--color-official elementor-widget elementor-widget-share-buttons\" data-id=\"28b4161\" data-element_type=\"widget\" data-e-type=\"widget\" data-widget_type=\"share-buttons.default\">\n\t\t\t\t\t\t\t<div class=\"elementor-grid\" role=\"list\">\n\t\t\t\t\t\t\t\t<div class=\"elementor-grid-item\" role=\"listitem\">\n\t\t\t\t\t\t<div class=\"elementor-share-btn elementor-share-btn_facebook\" role=\"button\" tabindex=\"0\" aria-label=\"Compartici\u00f3 en facebook\">\n\t\t\t\t\t\t\t\t\t\t\t\t\t\t\t<span class=\"elementor-share-btn__icon\">\n\t\t\t\t\t\t\t\t<svg aria-hidden=\"true\" class=\"e-font-icon-svg e-fab-facebook\" viewBox=\"0 0 512 512\" xmlns=\"http:\/\/www.w3.org\/2000\/svg\"><path d=\"M504 256C504 119 393 8 256 8S8 119 8 256c0 123.78 90.69 226.38 209.25 245V327.69h-63V256h63v-54.64c0-62.15 37-96.48 93.67-96.48 27.14 0 55.52 4.84 55.52 4.84v61h-31.28c-30.8 0-40.41 19.12-40.41 38.73V256h68.78l-11 71.69h-57.78V501C413.31 482.38 504 379.78 504 256z\"><\/path><\/svg>\t\t\t\t\t\t\t<\/span>\n\t\t\t\t\t\t\t\t\t\t\t\t\t\t\t\t\t\t\t\t\t\t<div class=\"elementor-share-btn__text\">\n\t\t\t\t\t\t\t\t\t\t\t\t\t\t\t\t\t\t\t<span class=\"elementor-share-btn__title\">\n\t\t\t\t\t\t\t\t\t\tFacebook\t\t\t\t\t\t\t\t\t<\/span>\n\t\t\t\t\t\t\t\t\t\t\t\t\t\t\t\t\t<\/div>\n\t\t\t\t\t\t\t\t\t\t\t\t\t<\/div>\n\t\t\t\t\t<\/div>\n\t\t\t\t\t\t\t\t\t<div class=\"elementor-grid-item\" role=\"listitem\">\n\t\t\t\t\t\t<div class=\"elementor-share-btn elementor-share-btn_twitter\" role=\"button\" tabindex=\"0\" aria-label=\"Compartici\u00f3 en twitter\">\n\t\t\t\t\t\t\t\t\t\t\t\t\t\t\t<span class=\"elementor-share-btn__icon\">\n\t\t\t\t\t\t\t\t<svg aria-hidden=\"true\" class=\"e-font-icon-svg e-fab-twitter\" viewBox=\"0 0 512 512\" xmlns=\"http:\/\/www.w3.org\/2000\/svg\"><path d=\"M459.37 151.716c.325 4.548.325 9.097.325 13.645 0 138.72-105.583 298.558-298.558 298.558-59.452 0-114.68-17.219-161.137-47.106 8.447.974 16.568 1.299 25.34 1.299 49.055 0 94.213-16.568 130.274-44.832-46.132-.975-84.792-31.188-98.112-72.772 6.498.974 12.995 1.624 19.818 1.624 9.421 0 18.843-1.3 27.614-3.573-48.081-9.747-84.143-51.98-84.143-102.985v-1.299c13.969 7.797 30.214 12.67 47.431 13.319-28.264-18.843-46.781-51.005-46.781-87.391 0-19.492 5.197-37.36 14.294-52.954 51.655 63.675 129.3 105.258 216.365 109.807-1.624-7.797-2.599-15.918-2.599-24.04 0-57.828 46.782-104.934 104.934-104.934 30.213 0 57.502 12.67 76.67 33.137 23.715-4.548 46.456-13.32 66.599-25.34-7.798 24.366-24.366 44.833-46.132 57.827 21.117-2.273 41.584-8.122 60.426-16.243-14.292 20.791-32.161 39.308-52.628 54.253z\"><\/path><\/svg>\t\t\t\t\t\t\t<\/span>\n\t\t\t\t\t\t\t\t\t\t\t\t\t\t\t\t\t\t\t\t\t\t<div class=\"elementor-share-btn__text\">\n\t\t\t\t\t\t\t\t\t\t\t\t\t\t\t\t\t\t\t<span class=\"elementor-share-btn__title\">\n\t\t\t\t\t\t\t\t\t\tTwitter\t\t\t\t\t\t\t\t\t<\/span>\n\t\t\t\t\t\t\t\t\t\t\t\t\t\t\t\t\t<\/div>\n\t\t\t\t\t\t\t\t\t\t\t\t\t<\/div>\n\t\t\t\t\t<\/div>\n\t\t\t\t\t\t\t\t\t<div class=\"elementor-grid-item\" role=\"listitem\">\n\t\t\t\t\t\t<div class=\"elementor-share-btn elementor-share-btn_linkedin\" role=\"button\" tabindex=\"0\" aria-label=\"Compartici\u00f3 en linkedin\">\n\t\t\t\t\t\t\t\t\t\t\t\t\t\t\t<span class=\"elementor-share-btn__icon\">\n\t\t\t\t\t\t\t\t<svg aria-hidden=\"true\" class=\"e-font-icon-svg e-fab-linkedin\" viewBox=\"0 0 448 512\" xmlns=\"http:\/\/www.w3.org\/2000\/svg\"><path d=\"M416 32H31.9C14.3 32 0 46.5 0 64.3v383.4C0 465.5 14.3 480 31.9 480H416c17.6 0 32-14.5 32-32.3V64.3c0-17.8-14.4-32.3-32-32.3zM135.4 416H69V202.2h66.5V416zm-33.2-243c-21.3 0-38.5-17.3-38.5-38.5S80.9 96 102.2 96c21.2 0 38.5 17.3 38.5 38.5 0 21.3-17.2 38.5-38.5 38.5zm282.1 243h-66.4V312c0-24.8-.5-56.7-34.5-56.7-34.6 0-39.9 27-39.9 54.9V416h-66.4V202.2h63.7v29.2h.9c8.9-16.8 30.6-34.5 62.9-34.5 67.2 0 79.7 44.3 79.7 101.9V416z\"><\/path><\/svg>\t\t\t\t\t\t\t<\/span>\n\t\t\t\t\t\t\t\t\t\t\t\t\t\t\t\t\t\t\t\t\t\t<div class=\"elementor-share-btn__text\">\n\t\t\t\t\t\t\t\t\t\t\t\t\t\t\t\t\t\t\t<span class=\"elementor-share-btn__title\">\n\t\t\t\t\t\t\t\t\t\tLinkedIn\t\t\t\t\t\t\t\t\t<\/span>\n\t\t\t\t\t\t\t\t\t\t\t\t\t\t\t\t\t<\/div>\n\t\t\t\t\t\t\t\t\t\t\t\t\t<\/div>\n\t\t\t\t\t<\/div>\n\t\t\t\t\t\t<\/div>\n\t\t\t\t\t\t<\/div>\n\t\t\t\t<div class=\"elementor-element elementor-element-1663bd8 elementor-widget elementor-widget-text-editor\" data-id=\"1663bd8\" data-element_type=\"widget\" data-e-type=\"widget\" data-widget_type=\"text-editor.default\">\n\t\t\t\t\t\t\t\t\t<p>L\u2019any 2023, el <a href=\"https:\/\/www.cdti.es\/\">Centre per al Desenvolupament Tecnol\u00f2gic i la Innovaci\u00f3<\/a> (CDTI) va aprovar l\u2019ajuda a l\u2019empresa per al projecte titulat \u201cNous desenvolupaments i aplicacions de la subst\u00e0ncia activa <em>Trichoderma asperellum<\/em>, soca T34\u201d.<\/p><p>El projecte tenia un pressupost de 369.310,00 \u20ac i ha comptat amb una ajuda parcialment reemborsable amb interessos de 313.913,50 \u20ac per part del CDTI. El projecte s\u2019ha dut a terme entre 2023 i 2025 i va finalitzar el passat 31 de desembre de 2025. <\/p><p>El projecte s\u2019ha centrat a explorar noves aplicacions i desenvolupaments de la subst\u00e0ncia activa Trichoderma asperellum, soca T34, coneguda per les seves propietats beneficioses en diversos \u00e0mbits i que aquest mateix 2026 obtindr\u00e0 la seva renovaci\u00f3 com a subst\u00e0ncia activa de baix risc per a \u00fas fitosanitari a la Uni\u00f3 Europea.<\/p><p>L\u2019execuci\u00f3 amb \u00e8xit d\u2019aquest projecte ha representat un nou aven\u00e7 per a l\u2019empresa, en posar la seva capacitat innovadora al servei d\u2019una agricultura sostenible que contribueix al benestar hum\u00e0 i a la cura del medi ambient.<\/p><p>Un cop superada la fase t\u00e8cnica pr\u00f2pia del projecte, el repte ara \u00e9s preparar la fase reguladora perqu\u00e8 els nous desenvolupaments puguin arribar al mercat en el m\u00ednim temps possible. S\u2019espera poder iniciar la comercialitzaci\u00f3 dels nous desenvolupaments entre 2027 i 2028. <\/p><p><a href=\"http:\/\/biocontroltechnologies.com\/ca\/\">Biocontrol Technologies<\/a> compta amb una s\u00f2lida traject\u00f2ria de <strong>m\u00e9s de 20 anys<\/strong> en la recerca i el desenvolupament de solucions biol\u00f2giques per a l\u2019agricultura. Amb la finalitzaci\u00f3 d\u2019aquest projecte, es demostra una vegada m\u00e9s la capacitat de l\u2019empresa per avan\u00e7ar en la seva missi\u00f3: posar la biotecnologia al servei de l\u2019agricultura i dels agricultors.<\/p>\t\t\t\t\t\t\t\t<\/div>\n\t\t\t\t\t<\/div>\n\t\t<\/div>\n\t\t\t\t\t<\/div>\n\t\t<\/section>\n\t\t\t\t<section class=\"elementor-section elementor-top-section elementor-element elementor-element-9fa88db elementor-section-boxed elementor-section-height-default elementor-section-height-default\" data-id=\"9fa88db\" data-element_type=\"section\" data-e-type=\"section\">\n\t\t\t\t\t\t<div class=\"elementor-container elementor-column-gap-default\">\n\t\t\t\t\t<div class=\"elementor-column elementor-col-100 elementor-top-column elementor-element elementor-element-c2f3330\" data-id=\"c2f3330\" data-element_type=\"column\" data-e-type=\"column\">\n\t\t\t<div class=\"elementor-widget-wrap elementor-element-populated\">\n\t\t\t\t\t\t<div class=\"elementor-element elementor-element-0d52c62 elementor-widget elementor-widget-image\" data-id=\"0d52c62\" data-element_type=\"widget\" data-e-type=\"widget\" data-widget_type=\"image.default\">\n\t\t\t\t\t\t\t\t\t\t\t\t\t\t\t<img fetchpriority=\"high\" decoding=\"async\" width=\"1532\" height=\"87\" src=\"https:\/\/biocontroltechnologies.com\/wp-content\/uploads\/2024\/05\/feder_con_cdti_positivo_con_banderas_2.webp\" class=\"elementor-animation-grow-rotate attachment-full size-full wp-image-36533\" alt=\"\" srcset=\"https:\/\/biocontroltechnologies.com\/wp-content\/uploads\/2024\/05\/feder_con_cdti_positivo_con_banderas_2.webp 1532w, https:\/\/biocontroltechnologies.com\/wp-content\/uploads\/2024\/05\/feder_con_cdti_positivo_con_banderas_2-768x44.webp 768w, https:\/\/biocontroltechnologies.com\/wp-content\/uploads\/2024\/05\/feder_con_cdti_positivo_con_banderas_2-600x34.webp 600w\" sizes=\"(max-width: 1532px) 100vw, 1532px\" \/>\t\t\t\t\t\t\t\t\t\t\t\t\t\t\t<\/div>\n\t\t\t\t\t<\/div>\n\t\t<\/div>\n\t\t\t\t\t<\/div>\n\t\t<\/section>\n\t\t\t\t<\/div>\n\t\t","protected":false},"excerpt":{"rendered":"<p>Biocontrol Technologies finalitza el projecte d\u2019R+D+i finan\u00e7at pel CDTI Facebook Twitter LinkedIn L\u2019any 2023, el Centre per al Desenvolupament Tecnol\u00f2gic i la Innovaci\u00f3 (CDTI) va aprovar l\u2019ajuda a l\u2019empresa per al projecte titulat \u201cNous desenvolupaments i aplicacions de la subst\u00e0ncia activa Trichoderma asperellum, soca T34\u201d. El projecte tenia un pressupost de 369.310,00 \u20ac i ha [&hellip;]<\/p>\n","protected":false},"author":2,"featured_media":36534,"comment_status":"open","ping_status":"open","sticky":false,"template":"","format":"standard","meta":{"footnotes":""},"categories":[1312],"tags":[1207,1424,1426,1425],"class_list":["post-36794","post","type-post","status-publish","format-standard","has-post-thumbnail","hentry","category-noticies","tag-biocontrol-technologies","tag-cdti","tag-financament","tag-projecte"],"yoast_head":"<!-- This site is optimized with the Yoast SEO plugin v27.0 - https:\/\/yoast.com\/product\/yoast-seo-wordpress\/ -->\n<title>Finalitzaci\u00f3 del projecte finan\u00e7at pel CDTI | Biocontrol Technologies<\/title>\n<meta name=\"robots\" content=\"index, follow, max-snippet:-1, max-image-preview:large, max-video-preview:-1\" \/>\n<link rel=\"canonical\" href=\"https:\/\/biocontroltechnologies.com\/ca\/2026\/02\/26\/finalitzacio-del-projecte-financat-pel-cdti\/\" \/>\n<meta property=\"og:locale\" content=\"ca_ES\" \/>\n<meta property=\"og:type\" content=\"article\" \/>\n<meta property=\"og:title\" content=\"Finalitzaci\u00f3 del projecte finan\u00e7at pel CDTI | Biocontrol Technologies\" \/>\n<meta property=\"og:description\" content=\"Biocontrol Technologies finalitza el projecte d\u2019R+D+i finan\u00e7at pel CDTI Facebook Twitter LinkedIn L\u2019any 2023, el Centre per al Desenvolupament Tecnol\u00f2gic i la Innovaci\u00f3 (CDTI) va aprovar l\u2019ajuda a l\u2019empresa per al projecte titulat \u201cNous desenvolupaments i aplicacions de la subst\u00e0ncia activa Trichoderma asperellum, soca T34\u201d. El projecte tenia un pressupost de 369.310,00 \u20ac i ha [&hellip;]\" \/>\n<meta property=\"og:url\" content=\"https:\/\/biocontroltechnologies.com\/ca\/2026\/02\/26\/finalitzacio-del-projecte-financat-pel-cdti\/\" \/>\n<meta property=\"og:site_name\" content=\"Biocontrol Technologies\" \/>\n<meta property=\"article:published_time\" content=\"2026-02-26T14:24:18+00:00\" \/>\n<meta property=\"article:modified_time\" content=\"2026-02-27T12:08:50+00:00\" \/>\n<meta property=\"og:image\" content=\"https:\/\/biocontroltechnologies.com\/wp-content\/uploads\/2023\/11\/CDTI.jpg\" \/>\n\t<meta property=\"og:image:width\" content=\"1536\" \/>\n\t<meta property=\"og:image:height\" content=\"934\" \/>\n\t<meta property=\"og:image:type\" content=\"image\/jpeg\" \/>\n<meta name=\"author\" content=\"Adri\u00e1 Peremiquel Trillas\" \/>\n<meta name=\"twitter:card\" content=\"summary_large_image\" \/>\n<meta name=\"twitter:label1\" content=\"Escrit per\" \/>\n\t<meta name=\"twitter:data1\" content=\"Adri\u00e1 Peremiquel Trillas\" \/>\n\t<meta name=\"twitter:label2\" content=\"Temps estimat de lectura\" \/>\n\t<meta name=\"twitter:data2\" content=\"1 minut\" \/>\n<script type=\"application\/ld+json\" class=\"yoast-schema-graph\">{\"@context\":\"https:\/\/schema.org\",\"@graph\":[{\"@type\":\"Article\",\"@id\":\"https:\/\/biocontroltechnologies.com\/ca\/2026\/02\/26\/finalitzacio-del-projecte-financat-pel-cdti\/#article\",\"isPartOf\":{\"@id\":\"https:\/\/biocontroltechnologies.com\/ca\/2026\/02\/26\/finalitzacio-del-projecte-financat-pel-cdti\/\"},\"author\":{\"name\":\"Adri\u00e1 Peremiquel Trillas\",\"@id\":\"https:\/\/biocontroltechnologies.com\/ca\/#\/schema\/person\/faec3dd752bb876bb496f68cf22fba94\"},\"headline\":\"Finalitzaci\u00f3 del projecte finan\u00e7at pel CDTI\",\"datePublished\":\"2026-02-26T14:24:18+00:00\",\"dateModified\":\"2026-02-27T12:08:50+00:00\",\"mainEntityOfPage\":{\"@id\":\"https:\/\/biocontroltechnologies.com\/ca\/2026\/02\/26\/finalitzacio-del-projecte-financat-pel-cdti\/\"},\"wordCount\":298,\"commentCount\":0,\"image\":{\"@id\":\"https:\/\/biocontroltechnologies.com\/ca\/2026\/02\/26\/finalitzacio-del-projecte-financat-pel-cdti\/#primaryimage\"},\"thumbnailUrl\":\"https:\/\/biocontroltechnologies.com\/wp-content\/uploads\/2023\/11\/CDTI.jpg\",\"keywords\":[\"Biocontrol Technologies\",\"CDTI\",\"Finan\u00e7ament\",\"Projecte\"],\"articleSection\":[\"Noticies\"],\"inLanguage\":\"ca\",\"potentialAction\":[{\"@type\":\"CommentAction\",\"name\":\"Comment\",\"target\":[\"https:\/\/biocontroltechnologies.com\/ca\/2026\/02\/26\/finalitzacio-del-projecte-financat-pel-cdti\/#respond\"]}]},{\"@type\":\"WebPage\",\"@id\":\"https:\/\/biocontroltechnologies.com\/ca\/2026\/02\/26\/finalitzacio-del-projecte-financat-pel-cdti\/\",\"url\":\"https:\/\/biocontroltechnologies.com\/ca\/2026\/02\/26\/finalitzacio-del-projecte-financat-pel-cdti\/\",\"name\":\"Finalitzaci\u00f3 del projecte finan\u00e7at pel CDTI | Biocontrol Technologies\",\"isPartOf\":{\"@id\":\"https:\/\/biocontroltechnologies.com\/ca\/#website\"},\"primaryImageOfPage\":{\"@id\":\"https:\/\/biocontroltechnologies.com\/ca\/2026\/02\/26\/finalitzacio-del-projecte-financat-pel-cdti\/#primaryimage\"},\"image\":{\"@id\":\"https:\/\/biocontroltechnologies.com\/ca\/2026\/02\/26\/finalitzacio-del-projecte-financat-pel-cdti\/#primaryimage\"},\"thumbnailUrl\":\"https:\/\/biocontroltechnologies.com\/wp-content\/uploads\/2023\/11\/CDTI.jpg\",\"datePublished\":\"2026-02-26T14:24:18+00:00\",\"dateModified\":\"2026-02-27T12:08:50+00:00\",\"author\":{\"@id\":\"https:\/\/biocontroltechnologies.com\/ca\/#\/schema\/person\/faec3dd752bb876bb496f68cf22fba94\"},\"breadcrumb\":{\"@id\":\"https:\/\/biocontroltechnologies.com\/ca\/2026\/02\/26\/finalitzacio-del-projecte-financat-pel-cdti\/#breadcrumb\"},\"inLanguage\":\"ca\",\"potentialAction\":[{\"@type\":\"ReadAction\",\"target\":[\"https:\/\/biocontroltechnologies.com\/ca\/2026\/02\/26\/finalitzacio-del-projecte-financat-pel-cdti\/\"]}]},{\"@type\":\"ImageObject\",\"inLanguage\":\"ca\",\"@id\":\"https:\/\/biocontroltechnologies.com\/ca\/2026\/02\/26\/finalitzacio-del-projecte-financat-pel-cdti\/#primaryimage\",\"url\":\"https:\/\/biocontroltechnologies.com\/wp-content\/uploads\/2023\/11\/CDTI.jpg\",\"contentUrl\":\"https:\/\/biocontroltechnologies.com\/wp-content\/uploads\/2023\/11\/CDTI.jpg\",\"width\":1536,\"height\":934},{\"@type\":\"BreadcrumbList\",\"@id\":\"https:\/\/biocontroltechnologies.com\/ca\/2026\/02\/26\/finalitzacio-del-projecte-financat-pel-cdti\/#breadcrumb\",\"itemListElement\":[{\"@type\":\"ListItem\",\"position\":1,\"name\":\"Portada\",\"item\":\"https:\/\/biocontroltechnologies.com\/ca\/\"},{\"@type\":\"ListItem\",\"position\":2,\"name\":\"Finalitzaci\u00f3 del projecte finan\u00e7at pel CDTI\"}]},{\"@type\":\"WebSite\",\"@id\":\"https:\/\/biocontroltechnologies.com\/ca\/#website\",\"url\":\"https:\/\/biocontroltechnologies.com\/ca\/\",\"name\":\"Biocontrol Technologies\",\"description\":\"Abordando las enfermedades para transformar la agricultura.\",\"alternateName\":\"Biocontrol Technologies\",\"potentialAction\":[{\"@type\":\"SearchAction\",\"target\":{\"@type\":\"EntryPoint\",\"urlTemplate\":\"https:\/\/biocontroltechnologies.com\/ca\/?s={search_term_string}\"},\"query-input\":{\"@type\":\"PropertyValueSpecification\",\"valueRequired\":true,\"valueName\":\"search_term_string\"}}],\"inLanguage\":\"ca\"},{\"@type\":\"Person\",\"@id\":\"https:\/\/biocontroltechnologies.com\/ca\/#\/schema\/person\/faec3dd752bb876bb496f68cf22fba94\",\"name\":\"Adri\u00e1 Peremiquel Trillas\",\"image\":{\"@type\":\"ImageObject\",\"inLanguage\":\"ca\",\"@id\":\"https:\/\/biocontroltechnologies.com\/ca\/#\/schema\/person\/image\/\",\"url\":\"https:\/\/secure.gravatar.com\/avatar\/258eb85b06345a061d5ef531de2d5f2de932b9979fedbefb326accfad761d845?s=96&d=mm&r=g\",\"contentUrl\":\"https:\/\/secure.gravatar.com\/avatar\/258eb85b06345a061d5ef531de2d5f2de932b9979fedbefb326accfad761d845?s=96&d=mm&r=g\",\"caption\":\"Adri\u00e1 Peremiquel Trillas\"},\"url\":\"https:\/\/biocontroltechnologies.com\/ca\/author\/admin-adria\/\"}]}<\/script>\n<!-- \/ Yoast SEO plugin. -->","yoast_head_json":{"title":"Finalitzaci\u00f3 del projecte finan\u00e7at pel CDTI | Biocontrol Technologies","robots":{"index":"index","follow":"follow","max-snippet":"max-snippet:-1","max-image-preview":"max-image-preview:large","max-video-preview":"max-video-preview:-1"},"canonical":"https:\/\/biocontroltechnologies.com\/ca\/2026\/02\/26\/finalitzacio-del-projecte-financat-pel-cdti\/","og_locale":"ca_ES","og_type":"article","og_title":"Finalitzaci\u00f3 del projecte finan\u00e7at pel CDTI | Biocontrol Technologies","og_description":"Biocontrol Technologies finalitza el projecte d\u2019R+D+i finan\u00e7at pel CDTI Facebook Twitter LinkedIn L\u2019any 2023, el Centre per al Desenvolupament Tecnol\u00f2gic i la Innovaci\u00f3 (CDTI) va aprovar l\u2019ajuda a l\u2019empresa per al projecte titulat \u201cNous desenvolupaments i aplicacions de la subst\u00e0ncia activa Trichoderma asperellum, soca T34\u201d. El projecte tenia un pressupost de 369.310,00 \u20ac i ha [&hellip;]","og_url":"https:\/\/biocontroltechnologies.com\/ca\/2026\/02\/26\/finalitzacio-del-projecte-financat-pel-cdti\/","og_site_name":"Biocontrol Technologies","article_published_time":"2026-02-26T14:24:18+00:00","article_modified_time":"2026-02-27T12:08:50+00:00","og_image":[{"width":1536,"height":934,"url":"https:\/\/biocontroltechnologies.com\/wp-content\/uploads\/2023\/11\/CDTI.jpg","type":"image\/jpeg"}],"author":"Adri\u00e1 Peremiquel Trillas","twitter_card":"summary_large_image","twitter_misc":{"Escrit per":"Adri\u00e1 Peremiquel Trillas","Temps estimat de lectura":"1 minut"},"schema":{"@context":"https:\/\/schema.org","@graph":[{"@type":"Article","@id":"https:\/\/biocontroltechnologies.com\/ca\/2026\/02\/26\/finalitzacio-del-projecte-financat-pel-cdti\/#article","isPartOf":{"@id":"https:\/\/biocontroltechnologies.com\/ca\/2026\/02\/26\/finalitzacio-del-projecte-financat-pel-cdti\/"},"author":{"name":"Adri\u00e1 Peremiquel Trillas","@id":"https:\/\/biocontroltechnologies.com\/ca\/#\/schema\/person\/faec3dd752bb876bb496f68cf22fba94"},"headline":"Finalitzaci\u00f3 del projecte finan\u00e7at pel CDTI","datePublished":"2026-02-26T14:24:18+00:00","dateModified":"2026-02-27T12:08:50+00:00","mainEntityOfPage":{"@id":"https:\/\/biocontroltechnologies.com\/ca\/2026\/02\/26\/finalitzacio-del-projecte-financat-pel-cdti\/"},"wordCount":298,"commentCount":0,"image":{"@id":"https:\/\/biocontroltechnologies.com\/ca\/2026\/02\/26\/finalitzacio-del-projecte-financat-pel-cdti\/#primaryimage"},"thumbnailUrl":"https:\/\/biocontroltechnologies.com\/wp-content\/uploads\/2023\/11\/CDTI.jpg","keywords":["Biocontrol Technologies","CDTI","Finan\u00e7ament","Projecte"],"articleSection":["Noticies"],"inLanguage":"ca","potentialAction":[{"@type":"CommentAction","name":"Comment","target":["https:\/\/biocontroltechnologies.com\/ca\/2026\/02\/26\/finalitzacio-del-projecte-financat-pel-cdti\/#respond"]}]},{"@type":"WebPage","@id":"https:\/\/biocontroltechnologies.com\/ca\/2026\/02\/26\/finalitzacio-del-projecte-financat-pel-cdti\/","url":"https:\/\/biocontroltechnologies.com\/ca\/2026\/02\/26\/finalitzacio-del-projecte-financat-pel-cdti\/","name":"Finalitzaci\u00f3 del projecte finan\u00e7at pel CDTI | Biocontrol Technologies","isPartOf":{"@id":"https:\/\/biocontroltechnologies.com\/ca\/#website"},"primaryImageOfPage":{"@id":"https:\/\/biocontroltechnologies.com\/ca\/2026\/02\/26\/finalitzacio-del-projecte-financat-pel-cdti\/#primaryimage"},"image":{"@id":"https:\/\/biocontroltechnologies.com\/ca\/2026\/02\/26\/finalitzacio-del-projecte-financat-pel-cdti\/#primaryimage"},"thumbnailUrl":"https:\/\/biocontroltechnologies.com\/wp-content\/uploads\/2023\/11\/CDTI.jpg","datePublished":"2026-02-26T14:24:18+00:00","dateModified":"2026-02-27T12:08:50+00:00","author":{"@id":"https:\/\/biocontroltechnologies.com\/ca\/#\/schema\/person\/faec3dd752bb876bb496f68cf22fba94"},"breadcrumb":{"@id":"https:\/\/biocontroltechnologies.com\/ca\/2026\/02\/26\/finalitzacio-del-projecte-financat-pel-cdti\/#breadcrumb"},"inLanguage":"ca","potentialAction":[{"@type":"ReadAction","target":["https:\/\/biocontroltechnologies.com\/ca\/2026\/02\/26\/finalitzacio-del-projecte-financat-pel-cdti\/"]}]},{"@type":"ImageObject","inLanguage":"ca","@id":"https:\/\/biocontroltechnologies.com\/ca\/2026\/02\/26\/finalitzacio-del-projecte-financat-pel-cdti\/#primaryimage","url":"https:\/\/biocontroltechnologies.com\/wp-content\/uploads\/2023\/11\/CDTI.jpg","contentUrl":"https:\/\/biocontroltechnologies.com\/wp-content\/uploads\/2023\/11\/CDTI.jpg","width":1536,"height":934},{"@type":"BreadcrumbList","@id":"https:\/\/biocontroltechnologies.com\/ca\/2026\/02\/26\/finalitzacio-del-projecte-financat-pel-cdti\/#breadcrumb","itemListElement":[{"@type":"ListItem","position":1,"name":"Portada","item":"https:\/\/biocontroltechnologies.com\/ca\/"},{"@type":"ListItem","position":2,"name":"Finalitzaci\u00f3 del projecte finan\u00e7at pel CDTI"}]},{"@type":"WebSite","@id":"https:\/\/biocontroltechnologies.com\/ca\/#website","url":"https:\/\/biocontroltechnologies.com\/ca\/","name":"Biocontrol Technologies","description":"Abordando las enfermedades para transformar la agricultura.","alternateName":"Biocontrol Technologies","potentialAction":[{"@type":"SearchAction","target":{"@type":"EntryPoint","urlTemplate":"https:\/\/biocontroltechnologies.com\/ca\/?s={search_term_string}"},"query-input":{"@type":"PropertyValueSpecification","valueRequired":true,"valueName":"search_term_string"}}],"inLanguage":"ca"},{"@type":"Person","@id":"https:\/\/biocontroltechnologies.com\/ca\/#\/schema\/person\/faec3dd752bb876bb496f68cf22fba94","name":"Adri\u00e1 Peremiquel Trillas","image":{"@type":"ImageObject","inLanguage":"ca","@id":"https:\/\/biocontroltechnologies.com\/ca\/#\/schema\/person\/image\/","url":"https:\/\/secure.gravatar.com\/avatar\/258eb85b06345a061d5ef531de2d5f2de932b9979fedbefb326accfad761d845?s=96&d=mm&r=g","contentUrl":"https:\/\/secure.gravatar.com\/avatar\/258eb85b06345a061d5ef531de2d5f2de932b9979fedbefb326accfad761d845?s=96&d=mm&r=g","caption":"Adri\u00e1 Peremiquel Trillas"},"url":"https:\/\/biocontroltechnologies.com\/ca\/author\/admin-adria\/"}]}},"_links":{"self":[{"href":"https:\/\/biocontroltechnologies.com\/ca\/wp-json\/wp\/v2\/posts\/36794","targetHints":{"allow":["GET"]}}],"collection":[{"href":"https:\/\/biocontroltechnologies.com\/ca\/wp-json\/wp\/v2\/posts"}],"about":[{"href":"https:\/\/biocontroltechnologies.com\/ca\/wp-json\/wp\/v2\/types\/post"}],"author":[{"embeddable":true,"href":"https:\/\/biocontroltechnologies.com\/ca\/wp-json\/wp\/v2\/users\/2"}],"replies":[{"embeddable":true,"href":"https:\/\/biocontroltechnologies.com\/ca\/wp-json\/wp\/v2\/comments?post=36794"}],"version-history":[{"count":3,"href":"https:\/\/biocontroltechnologies.com\/ca\/wp-json\/wp\/v2\/posts\/36794\/revisions"}],"predecessor-version":[{"id":36797,"href":"https:\/\/biocontroltechnologies.com\/ca\/wp-json\/wp\/v2\/posts\/36794\/revisions\/36797"}],"wp:featuredmedia":[{"embeddable":true,"href":"https:\/\/biocontroltechnologies.com\/ca\/wp-json\/wp\/v2\/media\/36534"}],"wp:attachment":[{"href":"https:\/\/biocontroltechnologies.com\/ca\/wp-json\/wp\/v2\/media?parent=36794"}],"wp:term":[{"taxonomy":"category","embeddable":true,"href":"https:\/\/biocontroltechnologies.com\/ca\/wp-json\/wp\/v2\/categories?post=36794"},{"taxonomy":"post_tag","embeddable":true,"href":"https:\/\/biocontroltechnologies.com\/ca\/wp-json\/wp\/v2\/tags?post=36794"}],"curies":[{"name":"wp","href":"https:\/\/api.w.org\/{rel}","templated":true}]}}