{"id":36800,"date":"2026-02-27T11:59:00","date_gmt":"2026-02-27T10:59:00","guid":{"rendered":"https:\/\/biocontroltechnologies.com\/2026\/02\/27\/la-catedra-ub-biocontrol-technologies-participa-en-dues-jornades-formatives-a-lleida\/"},"modified":"2026-03-03T19:23:46","modified_gmt":"2026-03-03T18:23:46","slug":"la-catedra-ub-biocontrol-technologies-participa-en-dues-jornades-formatives-a-lleida","status":"publish","type":"post","link":"https:\/\/biocontroltechnologies.com\/ca\/2026\/02\/27\/la-catedra-ub-biocontrol-technologies-participa-en-dues-jornades-formatives-a-lleida\/","title":{"rendered":"La C\u00e0tedra UB\u2013Biocontrol Technologies participa en dues jornades formatives a Lleida"},"content":{"rendered":"\t\t<div data-elementor-type=\"wp-post\" data-elementor-id=\"36800\" class=\"elementor elementor-36800 elementor-36758\" data-elementor-post-type=\"post\">\n\t\t\t\t<div class=\"elementor-element elementor-element-aa47f86 e-flex e-con-boxed e-con e-parent\" data-id=\"aa47f86\" data-element_type=\"container\" data-e-type=\"container\">\n\t\t\t\t\t<div class=\"e-con-inner\">\n\t\t<div class=\"elementor-element elementor-element-07d55ed e-con-full e-flex e-con e-child\" data-id=\"07d55ed\" data-element_type=\"container\" data-e-type=\"container\">\n\t\t\t\t<div class=\"elementor-element elementor-element-3eab2d3 elementor-widget elementor-widget-heading\" data-id=\"3eab2d3\" data-element_type=\"widget\" data-e-type=\"widget\" data-widget_type=\"heading.default\">\n\t\t\t\t\t<h1 class=\"elementor-heading-title elementor-size-default\">La C\u00e0tedra UB\u2013Biocontrol Technologies impulsa la transfer\u00e8ncia de coneixement en dues jornades formatives a Lleida<\/h1>\t\t\t\t<\/div>\n\t\t\t\t<div class=\"elementor-element elementor-element-1bea8d3 elementor-share-buttons--shape-circle elementor-share-buttons--view-icon-text elementor-share-buttons--skin-gradient elementor-grid-0 elementor-share-buttons--color-official elementor-widget elementor-widget-share-buttons\" data-id=\"1bea8d3\" data-element_type=\"widget\" data-e-type=\"widget\" data-widget_type=\"share-buttons.default\">\n\t\t\t\t\t\t\t<div class=\"elementor-grid\" role=\"list\">\n\t\t\t\t\t\t\t\t<div class=\"elementor-grid-item\" role=\"listitem\">\n\t\t\t\t\t\t<div class=\"elementor-share-btn elementor-share-btn_facebook\" role=\"button\" tabindex=\"0\" aria-label=\"Compartici\u00f3 en facebook\">\n\t\t\t\t\t\t\t\t\t\t\t\t\t\t\t<span class=\"elementor-share-btn__icon\">\n\t\t\t\t\t\t\t\t<svg aria-hidden=\"true\" class=\"e-font-icon-svg e-fab-facebook\" viewBox=\"0 0 512 512\" xmlns=\"http:\/\/www.w3.org\/2000\/svg\"><path d=\"M504 256C504 119 393 8 256 8S8 119 8 256c0 123.78 90.69 226.38 209.25 245V327.69h-63V256h63v-54.64c0-62.15 37-96.48 93.67-96.48 27.14 0 55.52 4.84 55.52 4.84v61h-31.28c-30.8 0-40.41 19.12-40.41 38.73V256h68.78l-11 71.69h-57.78V501C413.31 482.38 504 379.78 504 256z\"><\/path><\/svg>\t\t\t\t\t\t\t<\/span>\n\t\t\t\t\t\t\t\t\t\t\t\t\t\t\t\t\t\t\t\t\t\t<div class=\"elementor-share-btn__text\">\n\t\t\t\t\t\t\t\t\t\t\t\t\t\t\t\t\t\t\t<span class=\"elementor-share-btn__title\">\n\t\t\t\t\t\t\t\t\t\tFacebook\t\t\t\t\t\t\t\t\t<\/span>\n\t\t\t\t\t\t\t\t\t\t\t\t\t\t\t\t\t<\/div>\n\t\t\t\t\t\t\t\t\t\t\t\t\t<\/div>\n\t\t\t\t\t<\/div>\n\t\t\t\t\t\t\t\t\t<div class=\"elementor-grid-item\" role=\"listitem\">\n\t\t\t\t\t\t<div class=\"elementor-share-btn elementor-share-btn_twitter\" role=\"button\" tabindex=\"0\" aria-label=\"Compartici\u00f3 en twitter\">\n\t\t\t\t\t\t\t\t\t\t\t\t\t\t\t<span class=\"elementor-share-btn__icon\">\n\t\t\t\t\t\t\t\t<svg aria-hidden=\"true\" class=\"e-font-icon-svg e-fab-twitter\" viewBox=\"0 0 512 512\" xmlns=\"http:\/\/www.w3.org\/2000\/svg\"><path d=\"M459.37 151.716c.325 4.548.325 9.097.325 13.645 0 138.72-105.583 298.558-298.558 298.558-59.452 0-114.68-17.219-161.137-47.106 8.447.974 16.568 1.299 25.34 1.299 49.055 0 94.213-16.568 130.274-44.832-46.132-.975-84.792-31.188-98.112-72.772 6.498.974 12.995 1.624 19.818 1.624 9.421 0 18.843-1.3 27.614-3.573-48.081-9.747-84.143-51.98-84.143-102.985v-1.299c13.969 7.797 30.214 12.67 47.431 13.319-28.264-18.843-46.781-51.005-46.781-87.391 0-19.492 5.197-37.36 14.294-52.954 51.655 63.675 129.3 105.258 216.365 109.807-1.624-7.797-2.599-15.918-2.599-24.04 0-57.828 46.782-104.934 104.934-104.934 30.213 0 57.502 12.67 76.67 33.137 23.715-4.548 46.456-13.32 66.599-25.34-7.798 24.366-24.366 44.833-46.132 57.827 21.117-2.273 41.584-8.122 60.426-16.243-14.292 20.791-32.161 39.308-52.628 54.253z\"><\/path><\/svg>\t\t\t\t\t\t\t<\/span>\n\t\t\t\t\t\t\t\t\t\t\t\t\t\t\t\t\t\t\t\t\t\t<div class=\"elementor-share-btn__text\">\n\t\t\t\t\t\t\t\t\t\t\t\t\t\t\t\t\t\t\t<span class=\"elementor-share-btn__title\">\n\t\t\t\t\t\t\t\t\t\tTwitter\t\t\t\t\t\t\t\t\t<\/span>\n\t\t\t\t\t\t\t\t\t\t\t\t\t\t\t\t\t<\/div>\n\t\t\t\t\t\t\t\t\t\t\t\t\t<\/div>\n\t\t\t\t\t<\/div>\n\t\t\t\t\t\t\t\t\t<div class=\"elementor-grid-item\" role=\"listitem\">\n\t\t\t\t\t\t<div class=\"elementor-share-btn elementor-share-btn_linkedin\" role=\"button\" tabindex=\"0\" aria-label=\"Compartici\u00f3 en linkedin\">\n\t\t\t\t\t\t\t\t\t\t\t\t\t\t\t<span class=\"elementor-share-btn__icon\">\n\t\t\t\t\t\t\t\t<svg aria-hidden=\"true\" class=\"e-font-icon-svg e-fab-linkedin\" viewBox=\"0 0 448 512\" xmlns=\"http:\/\/www.w3.org\/2000\/svg\"><path d=\"M416 32H31.9C14.3 32 0 46.5 0 64.3v383.4C0 465.5 14.3 480 31.9 480H416c17.6 0 32-14.5 32-32.3V64.3c0-17.8-14.4-32.3-32-32.3zM135.4 416H69V202.2h66.5V416zm-33.2-243c-21.3 0-38.5-17.3-38.5-38.5S80.9 96 102.2 96c21.2 0 38.5 17.3 38.5 38.5 0 21.3-17.2 38.5-38.5 38.5zm282.1 243h-66.4V312c0-24.8-.5-56.7-34.5-56.7-34.6 0-39.9 27-39.9 54.9V416h-66.4V202.2h63.7v29.2h.9c8.9-16.8 30.6-34.5 62.9-34.5 67.2 0 79.7 44.3 79.7 101.9V416z\"><\/path><\/svg>\t\t\t\t\t\t\t<\/span>\n\t\t\t\t\t\t\t\t\t\t\t\t\t\t\t\t\t\t\t\t\t\t<div class=\"elementor-share-btn__text\">\n\t\t\t\t\t\t\t\t\t\t\t\t\t\t\t\t\t\t\t<span class=\"elementor-share-btn__title\">\n\t\t\t\t\t\t\t\t\t\tLinkedIn\t\t\t\t\t\t\t\t\t<\/span>\n\t\t\t\t\t\t\t\t\t\t\t\t\t\t\t\t\t<\/div>\n\t\t\t\t\t\t\t\t\t\t\t\t\t<\/div>\n\t\t\t\t\t<\/div>\n\t\t\t\t\t\t<\/div>\n\t\t\t\t\t\t<\/div>\n\t\t\t\t<div class=\"elementor-element elementor-element-0652072 elementor-widget elementor-widget-heading\" data-id=\"0652072\" data-element_type=\"widget\" data-e-type=\"widget\" data-widget_type=\"heading.default\">\n\t\t\t\t\t<p class=\"elementor-heading-title elementor-size-default\">Les instal\u00b7lacions de la Central Agr\u00edcola BOVI han acollit sessions adre\u00e7ades a t\u00e8cnics assessors i agricultors, amb la participaci\u00f3 d\u2019investigadors de la C\u00e0tedra Universitat de Barcelona \u2013 Biocontrol Technologies de Microorganismes per a l\u2019Agricultura.<\/p>\t\t\t\t<\/div>\n\t\t\t\t<div class=\"elementor-element elementor-element-40a1972 elementor-widget-divider--view-line elementor-widget elementor-widget-divider\" data-id=\"40a1972\" data-element_type=\"widget\" data-e-type=\"widget\" data-widget_type=\"divider.default\">\n\t\t\t\t\t\t\t<div class=\"elementor-divider\">\n\t\t\t<span class=\"elementor-divider-separator\">\n\t\t\t\t\t\t<\/span>\n\t\t<\/div>\n\t\t\t\t\t\t<\/div>\n\t\t\t\t<div class=\"elementor-element elementor-element-1928f53 elementor-widget elementor-widget-text-editor\" data-id=\"1928f53\" data-element_type=\"widget\" data-e-type=\"widget\" data-widget_type=\"text-editor.default\">\n\t\t\t\t\t\t\t\t\t<p>Les instal\u00b7lacions de la companyia Central Agr\u00edcola BOVI, a la prov\u00edncia de Lleida, han estat l\u2019escenari de dues jornades formatives adre\u00e7ades a professionals del sector agrari amb l\u2019objectiu d\u2019apropar els aven\u00e7os en control biol\u00f2gic i l\u2019\u00fas de microorganismes beneficiosos a la pr\u00e0ctica agr\u00edcola.<\/p><p>La primera sessi\u00f3, celebrada ahir, va estar adre\u00e7ada a t\u00e8cnics assessors que treballen directament amb agricultors de la zona. La trobada va reunir un grup de professionals especialitzats en l\u2019assessorament agron\u00f2mic, un col\u00b7lectiu clau per a la correcta implementaci\u00f3 d\u2019estrat\u00e8gies de sanitat vegetal basades en criteris d\u2019efic\u00e0cia i sostenibilitat. <\/p><p>En el marc d\u2019aquesta jornada, la <strong>C\u00e0tedra UB \u2013 Biocontrol Technologies de Microorganismes per a l\u2019Agricultura<\/strong> va participar a trav\u00e9s d\u2019una pon\u00e8ncia impartida pel Dr. <strong>Guillem Segarra<\/strong>, professor lector de la Universitat de Barcelona (Programa Serra H\u00fanter) i director adjunt de la C\u00e0tedra. Durant la seva intervenci\u00f3, es va abordar el paper del control biol\u00f2gic en la gesti\u00f3 integrada de malalties. L\u2019equip t\u00e8cnic-comercial de Biocontrol Technologies tamb\u00e9 va presentar els resultats d\u2019assajos realitzats en col\u00b7laboraci\u00f3 amb l\u2019ADV Ecol\u00f2gica de Ponent, efectuats amb el producte T34 Biocontrol\u00ae.   <\/p><p>L\u2019activitat continua avui amb una segona sessi\u00f3 adre\u00e7ada a agricultors, que comptar\u00e0 amb la participaci\u00f3 de prop de mig centenar de productors. En aquesta jornada hi intervindr\u00e0 la <strong>Dra. M.\u00aa Isabel Trillas<\/strong>, professora em\u00e8rita de la Universitat de Barcelona i directora em\u00e8rita de la C\u00e0tedra UB\u2013Biocontrol Technologies de Microorganismes per a l\u2019Agricultura, que compartir\u00e0 la seva experi\u00e8ncia i coneixements sobre l\u2019\u00fas de microorganismes beneficiosos com a eina per al control de malalties en els cultius. <\/p>\t\t\t\t\t\t\t\t<\/div>\n\t\t<div class=\"elementor-element elementor-element-973b05e e-grid e-con-full e-con e-child\" data-id=\"973b05e\" data-element_type=\"container\" data-e-type=\"container\">\n\t\t\t\t<div class=\"elementor-element elementor-element-f2e73fd elementor-widget elementor-widget-image\" data-id=\"f2e73fd\" data-element_type=\"widget\" data-e-type=\"widget\" data-widget_type=\"image.default\">\n\t\t\t\t\t\t\t\t\t\t\t\t\t\t\t<img fetchpriority=\"high\" decoding=\"async\" width=\"1080\" height=\"1350\" src=\"https:\/\/biocontroltechnologies.com\/wp-content\/uploads\/2026\/02\/Castellano-2.png\" class=\"attachment-full size-full wp-image-36783\" alt=\"\" srcset=\"https:\/\/biocontroltechnologies.com\/wp-content\/uploads\/2026\/02\/Castellano-2.png 1080w, https:\/\/biocontroltechnologies.com\/wp-content\/uploads\/2026\/02\/Castellano-2-768x960.png 768w, https:\/\/biocontroltechnologies.com\/wp-content\/uploads\/2026\/02\/Castellano-2-600x750.png 600w\" sizes=\"(max-width: 1080px) 100vw, 1080px\" \/>\t\t\t\t\t\t\t\t\t\t\t\t\t\t\t<\/div>\n\t\t\t\t<div class=\"elementor-element elementor-element-5bedf56 elementor-widget elementor-widget-image\" data-id=\"5bedf56\" data-element_type=\"widget\" data-e-type=\"widget\" data-widget_type=\"image.default\">\n\t\t\t\t\t\t\t\t\t\t\t\t\t\t\t<img decoding=\"async\" width=\"1080\" height=\"1350\" src=\"https:\/\/biocontroltechnologies.com\/wp-content\/uploads\/2026\/02\/Castellano.png\" class=\"attachment-full size-full wp-image-36784\" alt=\"\" srcset=\"https:\/\/biocontroltechnologies.com\/wp-content\/uploads\/2026\/02\/Castellano.png 1080w, https:\/\/biocontroltechnologies.com\/wp-content\/uploads\/2026\/02\/Castellano-768x960.png 768w, https:\/\/biocontroltechnologies.com\/wp-content\/uploads\/2026\/02\/Castellano-600x750.png 600w\" sizes=\"(max-width: 1080px) 100vw, 1080px\" \/>\t\t\t\t\t\t\t\t\t\t\t\t\t\t\t<\/div>\n\t\t\t\t<\/div>\n\t\t\t\t<div class=\"elementor-element elementor-element-a191a6a elementor-widget elementor-widget-text-editor\" data-id=\"a191a6a\" data-element_type=\"widget\" data-e-type=\"widget\" data-widget_type=\"text-editor.default\">\n\t\t\t\t\t\t\t\t\t<p><strong>Central Agr\u00edcola<\/strong> BOVI \u00e9s una empresa especialitzada en el subministrament d\u2019insums i l\u2019assessorament t\u00e8cnic a explotacions agr\u00edcoles, amb una forta implantaci\u00f3 al territori i una clara aposta per la innovaci\u00f3 i la millora de la sostenibilitat del sector.<\/p><p>Aquestes iniciatives reflecteixen un dels objectius fonamentals de la C\u00e0tedra: facilitar la transfer\u00e8ncia de coneixement entre la universitat i el sector agrari, promovent l\u2019aplicaci\u00f3 pr\u00e0ctica dels aven\u00e7os cient\u00edfics i contribuint al desenvolupament d\u2019una agricultura m\u00e9s eficient, sostenible i basada en l\u2019evid\u00e8ncia.<\/p><p>Aquesta jornada no constitueix un fet a\u00efllat, sin\u00f3 que forma part d\u2019una l\u00ednia de treball continuada que la C\u00e0tedra continuar\u00e0 impulsant mitjan\u00e7ant activitats formatives i divulgatives adre\u00e7ades a t\u00e8cnics i agricultors a Catalunya i al conjunt del territori nacional, consolidant la formaci\u00f3 i la transfer\u00e8ncia com un dels seus eixos estrat\u00e8gics principals.<\/p>\t\t\t\t\t\t\t\t<\/div>\n\t\t\t\t<div class=\"elementor-element elementor-element-5f869b0 elementor-widget elementor-widget-image\" data-id=\"5f869b0\" data-element_type=\"widget\" data-e-type=\"widget\" data-widget_type=\"image.default\">\n\t\t\t\t\t\t\t\t\t\t\t\t\t\t\t<img decoding=\"async\" width=\"1079\" height=\"1574\" src=\"https:\/\/biocontroltechnologies.com\/wp-content\/uploads\/2026\/02\/shared-image.jpg\" class=\"attachment-full size-full wp-image-36785\" alt=\"\" srcset=\"https:\/\/biocontroltechnologies.com\/wp-content\/uploads\/2026\/02\/shared-image.jpg 1079w, https:\/\/biocontroltechnologies.com\/wp-content\/uploads\/2026\/02\/shared-image-768x1120.jpg 768w, https:\/\/biocontroltechnologies.com\/wp-content\/uploads\/2026\/02\/shared-image-1053x1536.jpg 1053w, https:\/\/biocontroltechnologies.com\/wp-content\/uploads\/2026\/02\/shared-image-600x875.jpg 600w\" sizes=\"(max-width: 1079px) 100vw, 1079px\" \/>\t\t\t\t\t\t\t\t\t\t\t\t\t\t\t<\/div>\n\t\t\t\t<\/div>\n\t\t\t\t\t<\/div>\n\t\t\t\t<\/div>\n\t\t\t\t<\/div>\n\t\t","protected":false},"excerpt":{"rendered":"<p>La C\u00e0tedra UB\u2013Biocontrol Technologies impulsa la transfer\u00e8ncia de coneixement en dues jornades formatives a Lleida Facebook Twitter LinkedIn Les instal\u00b7lacions de la Central Agr\u00edcola BOVI han acollit sessions adre\u00e7ades a t\u00e8cnics assessors i agricultors, amb la participaci\u00f3 d\u2019investigadors de la C\u00e0tedra Universitat de Barcelona \u2013 Biocontrol Technologies de Microorganismes per a l\u2019Agricultura. Les instal\u00b7lacions de [&hellip;]<\/p>\n","protected":false},"author":2,"featured_media":36786,"comment_status":"closed","ping_status":"open","sticky":false,"template":"","format":"standard","meta":{"footnotes":""},"categories":[1312],"tags":[1431,1432,1430,1299],"class_list":["post-36800","post","type-post","status-publish","format-standard","has-post-thumbnail","hentry","category-noticies","tag-acte","tag-bovi","tag-catalunya","tag-catedra-2"],"yoast_head":"<!-- This site is optimized with the Yoast SEO plugin v27.0 - https:\/\/yoast.com\/product\/yoast-seo-wordpress\/ -->\n<title>La C\u00e0tedra UB\u2013Biocontrol Technologies participa en dues jornades formatives a Lleida | Biocontrol Technologies<\/title>\n<meta name=\"robots\" content=\"index, follow, max-snippet:-1, max-image-preview:large, max-video-preview:-1\" \/>\n<link rel=\"canonical\" href=\"https:\/\/biocontroltechnologies.com\/ca\/2026\/02\/27\/la-catedra-ub-biocontrol-technologies-participa-en-dues-jornades-formatives-a-lleida\/\" \/>\n<meta property=\"og:locale\" content=\"ca_ES\" \/>\n<meta property=\"og:type\" content=\"article\" \/>\n<meta property=\"og:title\" content=\"La C\u00e0tedra UB\u2013Biocontrol Technologies participa en dues jornades formatives a Lleida | Biocontrol Technologies\" \/>\n<meta property=\"og:description\" content=\"La C\u00e0tedra UB\u2013Biocontrol Technologies impulsa la transfer\u00e8ncia de coneixement en dues jornades formatives a Lleida Facebook Twitter LinkedIn Les instal\u00b7lacions de la Central Agr\u00edcola BOVI han acollit sessions adre\u00e7ades a t\u00e8cnics assessors i agricultors, amb la participaci\u00f3 d\u2019investigadors de la C\u00e0tedra Universitat de Barcelona \u2013 Biocontrol Technologies de Microorganismes per a l\u2019Agricultura. Les instal\u00b7lacions de [&hellip;]\" \/>\n<meta property=\"og:url\" content=\"https:\/\/biocontroltechnologies.com\/ca\/2026\/02\/27\/la-catedra-ub-biocontrol-technologies-participa-en-dues-jornades-formatives-a-lleida\/\" \/>\n<meta property=\"og:site_name\" content=\"Biocontrol Technologies\" \/>\n<meta property=\"article:published_time\" content=\"2026-02-27T10:59:00+00:00\" \/>\n<meta property=\"article:modified_time\" content=\"2026-03-03T18:23:46+00:00\" \/>\n<meta property=\"og:image\" content=\"https:\/\/biocontroltechnologies.com\/wp-content\/uploads\/2026\/01\/NEWS_Catedra.webp\" \/>\n\t<meta property=\"og:image:width\" content=\"750\" \/>\n\t<meta property=\"og:image:height\" content=\"422\" \/>\n\t<meta property=\"og:image:type\" content=\"image\/webp\" \/>\n<meta name=\"author\" content=\"Adri\u00e1 Peremiquel Trillas\" \/>\n<meta name=\"twitter:card\" content=\"summary_large_image\" \/>\n<meta name=\"twitter:label1\" content=\"Escrit per\" \/>\n\t<meta name=\"twitter:data1\" content=\"Adri\u00e1 Peremiquel Trillas\" \/>\n\t<meta name=\"twitter:label2\" content=\"Temps estimat de lectura\" \/>\n\t<meta name=\"twitter:data2\" content=\"3 minuts\" \/>\n<script type=\"application\/ld+json\" class=\"yoast-schema-graph\">{\"@context\":\"https:\/\/schema.org\",\"@graph\":[{\"@type\":\"Article\",\"@id\":\"https:\/\/biocontroltechnologies.com\/ca\/2026\/02\/27\/la-catedra-ub-biocontrol-technologies-participa-en-dues-jornades-formatives-a-lleida\/#article\",\"isPartOf\":{\"@id\":\"https:\/\/biocontroltechnologies.com\/ca\/2026\/02\/27\/la-catedra-ub-biocontrol-technologies-participa-en-dues-jornades-formatives-a-lleida\/\"},\"author\":{\"name\":\"Adri\u00e1 Peremiquel Trillas\",\"@id\":\"https:\/\/biocontroltechnologies.com\/ca\/#\/schema\/person\/faec3dd752bb876bb496f68cf22fba94\"},\"headline\":\"La C\u00e0tedra UB\u2013Biocontrol Technologies participa en dues jornades formatives a Lleida\",\"datePublished\":\"2026-02-27T10:59:00+00:00\",\"dateModified\":\"2026-03-03T18:23:46+00:00\",\"mainEntityOfPage\":{\"@id\":\"https:\/\/biocontroltechnologies.com\/ca\/2026\/02\/27\/la-catedra-ub-biocontrol-technologies-participa-en-dues-jornades-formatives-a-lleida\/\"},\"wordCount\":526,\"image\":{\"@id\":\"https:\/\/biocontroltechnologies.com\/ca\/2026\/02\/27\/la-catedra-ub-biocontrol-technologies-participa-en-dues-jornades-formatives-a-lleida\/#primaryimage\"},\"thumbnailUrl\":\"https:\/\/biocontroltechnologies.com\/wp-content\/uploads\/2026\/01\/NEWS_Catedra.webp\",\"keywords\":[\"Acte\",\"Bovi\",\"Catalunya\",\"Catedra\"],\"articleSection\":[\"Noticies\"],\"inLanguage\":\"ca\"},{\"@type\":\"WebPage\",\"@id\":\"https:\/\/biocontroltechnologies.com\/ca\/2026\/02\/27\/la-catedra-ub-biocontrol-technologies-participa-en-dues-jornades-formatives-a-lleida\/\",\"url\":\"https:\/\/biocontroltechnologies.com\/ca\/2026\/02\/27\/la-catedra-ub-biocontrol-technologies-participa-en-dues-jornades-formatives-a-lleida\/\",\"name\":\"La C\u00e0tedra UB\u2013Biocontrol Technologies participa en dues jornades formatives a Lleida | Biocontrol Technologies\",\"isPartOf\":{\"@id\":\"https:\/\/biocontroltechnologies.com\/ca\/#website\"},\"primaryImageOfPage\":{\"@id\":\"https:\/\/biocontroltechnologies.com\/ca\/2026\/02\/27\/la-catedra-ub-biocontrol-technologies-participa-en-dues-jornades-formatives-a-lleida\/#primaryimage\"},\"image\":{\"@id\":\"https:\/\/biocontroltechnologies.com\/ca\/2026\/02\/27\/la-catedra-ub-biocontrol-technologies-participa-en-dues-jornades-formatives-a-lleida\/#primaryimage\"},\"thumbnailUrl\":\"https:\/\/biocontroltechnologies.com\/wp-content\/uploads\/2026\/01\/NEWS_Catedra.webp\",\"datePublished\":\"2026-02-27T10:59:00+00:00\",\"dateModified\":\"2026-03-03T18:23:46+00:00\",\"author\":{\"@id\":\"https:\/\/biocontroltechnologies.com\/ca\/#\/schema\/person\/faec3dd752bb876bb496f68cf22fba94\"},\"breadcrumb\":{\"@id\":\"https:\/\/biocontroltechnologies.com\/ca\/2026\/02\/27\/la-catedra-ub-biocontrol-technologies-participa-en-dues-jornades-formatives-a-lleida\/#breadcrumb\"},\"inLanguage\":\"ca\",\"potentialAction\":[{\"@type\":\"ReadAction\",\"target\":[\"https:\/\/biocontroltechnologies.com\/ca\/2026\/02\/27\/la-catedra-ub-biocontrol-technologies-participa-en-dues-jornades-formatives-a-lleida\/\"]}]},{\"@type\":\"ImageObject\",\"inLanguage\":\"ca\",\"@id\":\"https:\/\/biocontroltechnologies.com\/ca\/2026\/02\/27\/la-catedra-ub-biocontrol-technologies-participa-en-dues-jornades-formatives-a-lleida\/#primaryimage\",\"url\":\"https:\/\/biocontroltechnologies.com\/wp-content\/uploads\/2026\/01\/NEWS_Catedra.webp\",\"contentUrl\":\"https:\/\/biocontroltechnologies.com\/wp-content\/uploads\/2026\/01\/NEWS_Catedra.webp\",\"width\":750,\"height\":422},{\"@type\":\"BreadcrumbList\",\"@id\":\"https:\/\/biocontroltechnologies.com\/ca\/2026\/02\/27\/la-catedra-ub-biocontrol-technologies-participa-en-dues-jornades-formatives-a-lleida\/#breadcrumb\",\"itemListElement\":[{\"@type\":\"ListItem\",\"position\":1,\"name\":\"Portada\",\"item\":\"https:\/\/biocontroltechnologies.com\/ca\/\"},{\"@type\":\"ListItem\",\"position\":2,\"name\":\"La C\u00e0tedra UB\u2013Biocontrol Technologies participa en dues jornades formatives a Lleida\"}]},{\"@type\":\"WebSite\",\"@id\":\"https:\/\/biocontroltechnologies.com\/ca\/#website\",\"url\":\"https:\/\/biocontroltechnologies.com\/ca\/\",\"name\":\"Biocontrol Technologies\",\"description\":\"Abordando las enfermedades para transformar la agricultura.\",\"alternateName\":\"Biocontrol Technologies\",\"potentialAction\":[{\"@type\":\"SearchAction\",\"target\":{\"@type\":\"EntryPoint\",\"urlTemplate\":\"https:\/\/biocontroltechnologies.com\/ca\/?s={search_term_string}\"},\"query-input\":{\"@type\":\"PropertyValueSpecification\",\"valueRequired\":true,\"valueName\":\"search_term_string\"}}],\"inLanguage\":\"ca\"},{\"@type\":\"Person\",\"@id\":\"https:\/\/biocontroltechnologies.com\/ca\/#\/schema\/person\/faec3dd752bb876bb496f68cf22fba94\",\"name\":\"Adri\u00e1 Peremiquel Trillas\",\"image\":{\"@type\":\"ImageObject\",\"inLanguage\":\"ca\",\"@id\":\"https:\/\/biocontroltechnologies.com\/ca\/#\/schema\/person\/image\/\",\"url\":\"https:\/\/secure.gravatar.com\/avatar\/258eb85b06345a061d5ef531de2d5f2de932b9979fedbefb326accfad761d845?s=96&d=mm&r=g\",\"contentUrl\":\"https:\/\/secure.gravatar.com\/avatar\/258eb85b06345a061d5ef531de2d5f2de932b9979fedbefb326accfad761d845?s=96&d=mm&r=g\",\"caption\":\"Adri\u00e1 Peremiquel Trillas\"},\"url\":\"https:\/\/biocontroltechnologies.com\/ca\/author\/admin-adria\/\"}]}<\/script>\n<!-- \/ Yoast SEO plugin. -->","yoast_head_json":{"title":"La C\u00e0tedra UB\u2013Biocontrol Technologies participa en dues jornades formatives a Lleida | Biocontrol Technologies","robots":{"index":"index","follow":"follow","max-snippet":"max-snippet:-1","max-image-preview":"max-image-preview:large","max-video-preview":"max-video-preview:-1"},"canonical":"https:\/\/biocontroltechnologies.com\/ca\/2026\/02\/27\/la-catedra-ub-biocontrol-technologies-participa-en-dues-jornades-formatives-a-lleida\/","og_locale":"ca_ES","og_type":"article","og_title":"La C\u00e0tedra UB\u2013Biocontrol Technologies participa en dues jornades formatives a Lleida | Biocontrol Technologies","og_description":"La C\u00e0tedra UB\u2013Biocontrol Technologies impulsa la transfer\u00e8ncia de coneixement en dues jornades formatives a Lleida Facebook Twitter LinkedIn Les instal\u00b7lacions de la Central Agr\u00edcola BOVI han acollit sessions adre\u00e7ades a t\u00e8cnics assessors i agricultors, amb la participaci\u00f3 d\u2019investigadors de la C\u00e0tedra Universitat de Barcelona \u2013 Biocontrol Technologies de Microorganismes per a l\u2019Agricultura. Les instal\u00b7lacions de [&hellip;]","og_url":"https:\/\/biocontroltechnologies.com\/ca\/2026\/02\/27\/la-catedra-ub-biocontrol-technologies-participa-en-dues-jornades-formatives-a-lleida\/","og_site_name":"Biocontrol Technologies","article_published_time":"2026-02-27T10:59:00+00:00","article_modified_time":"2026-03-03T18:23:46+00:00","og_image":[{"width":750,"height":422,"url":"https:\/\/biocontroltechnologies.com\/wp-content\/uploads\/2026\/01\/NEWS_Catedra.webp","type":"image\/webp"}],"author":"Adri\u00e1 Peremiquel Trillas","twitter_card":"summary_large_image","twitter_misc":{"Escrit per":"Adri\u00e1 Peremiquel Trillas","Temps estimat de lectura":"3 minuts"},"schema":{"@context":"https:\/\/schema.org","@graph":[{"@type":"Article","@id":"https:\/\/biocontroltechnologies.com\/ca\/2026\/02\/27\/la-catedra-ub-biocontrol-technologies-participa-en-dues-jornades-formatives-a-lleida\/#article","isPartOf":{"@id":"https:\/\/biocontroltechnologies.com\/ca\/2026\/02\/27\/la-catedra-ub-biocontrol-technologies-participa-en-dues-jornades-formatives-a-lleida\/"},"author":{"name":"Adri\u00e1 Peremiquel Trillas","@id":"https:\/\/biocontroltechnologies.com\/ca\/#\/schema\/person\/faec3dd752bb876bb496f68cf22fba94"},"headline":"La C\u00e0tedra UB\u2013Biocontrol Technologies participa en dues jornades formatives a Lleida","datePublished":"2026-02-27T10:59:00+00:00","dateModified":"2026-03-03T18:23:46+00:00","mainEntityOfPage":{"@id":"https:\/\/biocontroltechnologies.com\/ca\/2026\/02\/27\/la-catedra-ub-biocontrol-technologies-participa-en-dues-jornades-formatives-a-lleida\/"},"wordCount":526,"image":{"@id":"https:\/\/biocontroltechnologies.com\/ca\/2026\/02\/27\/la-catedra-ub-biocontrol-technologies-participa-en-dues-jornades-formatives-a-lleida\/#primaryimage"},"thumbnailUrl":"https:\/\/biocontroltechnologies.com\/wp-content\/uploads\/2026\/01\/NEWS_Catedra.webp","keywords":["Acte","Bovi","Catalunya","Catedra"],"articleSection":["Noticies"],"inLanguage":"ca"},{"@type":"WebPage","@id":"https:\/\/biocontroltechnologies.com\/ca\/2026\/02\/27\/la-catedra-ub-biocontrol-technologies-participa-en-dues-jornades-formatives-a-lleida\/","url":"https:\/\/biocontroltechnologies.com\/ca\/2026\/02\/27\/la-catedra-ub-biocontrol-technologies-participa-en-dues-jornades-formatives-a-lleida\/","name":"La C\u00e0tedra UB\u2013Biocontrol Technologies participa en dues jornades formatives a Lleida | Biocontrol Technologies","isPartOf":{"@id":"https:\/\/biocontroltechnologies.com\/ca\/#website"},"primaryImageOfPage":{"@id":"https:\/\/biocontroltechnologies.com\/ca\/2026\/02\/27\/la-catedra-ub-biocontrol-technologies-participa-en-dues-jornades-formatives-a-lleida\/#primaryimage"},"image":{"@id":"https:\/\/biocontroltechnologies.com\/ca\/2026\/02\/27\/la-catedra-ub-biocontrol-technologies-participa-en-dues-jornades-formatives-a-lleida\/#primaryimage"},"thumbnailUrl":"https:\/\/biocontroltechnologies.com\/wp-content\/uploads\/2026\/01\/NEWS_Catedra.webp","datePublished":"2026-02-27T10:59:00+00:00","dateModified":"2026-03-03T18:23:46+00:00","author":{"@id":"https:\/\/biocontroltechnologies.com\/ca\/#\/schema\/person\/faec3dd752bb876bb496f68cf22fba94"},"breadcrumb":{"@id":"https:\/\/biocontroltechnologies.com\/ca\/2026\/02\/27\/la-catedra-ub-biocontrol-technologies-participa-en-dues-jornades-formatives-a-lleida\/#breadcrumb"},"inLanguage":"ca","potentialAction":[{"@type":"ReadAction","target":["https:\/\/biocontroltechnologies.com\/ca\/2026\/02\/27\/la-catedra-ub-biocontrol-technologies-participa-en-dues-jornades-formatives-a-lleida\/"]}]},{"@type":"ImageObject","inLanguage":"ca","@id":"https:\/\/biocontroltechnologies.com\/ca\/2026\/02\/27\/la-catedra-ub-biocontrol-technologies-participa-en-dues-jornades-formatives-a-lleida\/#primaryimage","url":"https:\/\/biocontroltechnologies.com\/wp-content\/uploads\/2026\/01\/NEWS_Catedra.webp","contentUrl":"https:\/\/biocontroltechnologies.com\/wp-content\/uploads\/2026\/01\/NEWS_Catedra.webp","width":750,"height":422},{"@type":"BreadcrumbList","@id":"https:\/\/biocontroltechnologies.com\/ca\/2026\/02\/27\/la-catedra-ub-biocontrol-technologies-participa-en-dues-jornades-formatives-a-lleida\/#breadcrumb","itemListElement":[{"@type":"ListItem","position":1,"name":"Portada","item":"https:\/\/biocontroltechnologies.com\/ca\/"},{"@type":"ListItem","position":2,"name":"La C\u00e0tedra UB\u2013Biocontrol Technologies participa en dues jornades formatives a Lleida"}]},{"@type":"WebSite","@id":"https:\/\/biocontroltechnologies.com\/ca\/#website","url":"https:\/\/biocontroltechnologies.com\/ca\/","name":"Biocontrol Technologies","description":"Abordando las enfermedades para transformar la agricultura.","alternateName":"Biocontrol Technologies","potentialAction":[{"@type":"SearchAction","target":{"@type":"EntryPoint","urlTemplate":"https:\/\/biocontroltechnologies.com\/ca\/?s={search_term_string}"},"query-input":{"@type":"PropertyValueSpecification","valueRequired":true,"valueName":"search_term_string"}}],"inLanguage":"ca"},{"@type":"Person","@id":"https:\/\/biocontroltechnologies.com\/ca\/#\/schema\/person\/faec3dd752bb876bb496f68cf22fba94","name":"Adri\u00e1 Peremiquel Trillas","image":{"@type":"ImageObject","inLanguage":"ca","@id":"https:\/\/biocontroltechnologies.com\/ca\/#\/schema\/person\/image\/","url":"https:\/\/secure.gravatar.com\/avatar\/258eb85b06345a061d5ef531de2d5f2de932b9979fedbefb326accfad761d845?s=96&d=mm&r=g","contentUrl":"https:\/\/secure.gravatar.com\/avatar\/258eb85b06345a061d5ef531de2d5f2de932b9979fedbefb326accfad761d845?s=96&d=mm&r=g","caption":"Adri\u00e1 Peremiquel Trillas"},"url":"https:\/\/biocontroltechnologies.com\/ca\/author\/admin-adria\/"}]}},"_links":{"self":[{"href":"https:\/\/biocontroltechnologies.com\/ca\/wp-json\/wp\/v2\/posts\/36800","targetHints":{"allow":["GET"]}}],"collection":[{"href":"https:\/\/biocontroltechnologies.com\/ca\/wp-json\/wp\/v2\/posts"}],"about":[{"href":"https:\/\/biocontroltechnologies.com\/ca\/wp-json\/wp\/v2\/types\/post"}],"author":[{"embeddable":true,"href":"https:\/\/biocontroltechnologies.com\/ca\/wp-json\/wp\/v2\/users\/2"}],"replies":[{"embeddable":true,"href":"https:\/\/biocontroltechnologies.com\/ca\/wp-json\/wp\/v2\/comments?post=36800"}],"version-history":[{"count":6,"href":"https:\/\/biocontroltechnologies.com\/ca\/wp-json\/wp\/v2\/posts\/36800\/revisions"}],"predecessor-version":[{"id":37772,"href":"https:\/\/biocontroltechnologies.com\/ca\/wp-json\/wp\/v2\/posts\/36800\/revisions\/37772"}],"wp:featuredmedia":[{"embeddable":true,"href":"https:\/\/biocontroltechnologies.com\/ca\/wp-json\/wp\/v2\/media\/36786"}],"wp:attachment":[{"href":"https:\/\/biocontroltechnologies.com\/ca\/wp-json\/wp\/v2\/media?parent=36800"}],"wp:term":[{"taxonomy":"category","embeddable":true,"href":"https:\/\/biocontroltechnologies.com\/ca\/wp-json\/wp\/v2\/categories?post=36800"},{"taxonomy":"post_tag","embeddable":true,"href":"https:\/\/biocontroltechnologies.com\/ca\/wp-json\/wp\/v2\/tags?post=36800"}],"curies":[{"name":"wp","href":"https:\/\/api.w.org\/{rel}","templated":true}]}}