{"id":37488,"date":"2026-03-05T15:26:05","date_gmt":"2026-03-05T14:26:05","guid":{"rendered":"https:\/\/biocontroltechnologies.com\/?p=37488"},"modified":"2026-03-09T13:28:35","modified_gmt":"2026-03-09T12:28:35","slug":"premis-al-millor-treball-de-final-de-grau-2025","status":"publish","type":"post","link":"https:\/\/biocontroltechnologies.com\/ca\/2026\/03\/05\/premis-al-millor-treball-de-final-de-grau-2025\/","title":{"rendered":"Premis al Millor Treball de Final de Grau 2025"},"content":{"rendered":"<!-- Added by Post\/Page Specific Custom Code plugin, thank you for using! -->\n<style>.single-post .wp-post-image {\r\n\tdisplay: none;\r\n}<\/style>\n\t\t<div data-elementor-type=\"wp-post\" data-elementor-id=\"37488\" class=\"elementor elementor-37488\" data-elementor-post-type=\"post\">\n\t\t\t\t\t\t<section class=\"elementor-section elementor-top-section elementor-element elementor-element-49667af elementor-section-boxed elementor-section-height-default elementor-section-height-default\" data-id=\"49667af\" data-element_type=\"section\" data-e-type=\"section\">\n\t\t\t\t\t\t<div class=\"elementor-container elementor-column-gap-default\">\n\t\t\t\t\t<div class=\"elementor-column elementor-col-100 elementor-top-column elementor-element elementor-element-b5153b1\" data-id=\"b5153b1\" data-element_type=\"column\" data-e-type=\"column\">\n\t\t\t<div class=\"elementor-widget-wrap elementor-element-populated\">\n\t\t\t\t\t\t<div class=\"elementor-element elementor-element-d27eb4e elementor-widget elementor-widget-heading\" data-id=\"d27eb4e\" data-element_type=\"widget\" data-e-type=\"widget\" data-widget_type=\"heading.default\">\n\t\t\t\t\t<h1 class=\"elementor-heading-title elementor-size-default\">Lliurament dels Premis al Millor Treball de Final de Grau 2025 de la C\u00e0tedra UB\u2013Biocontrol Technologies<\/h1>\t\t\t\t<\/div>\n\t\t\t\t<div class=\"elementor-element elementor-element-1fb6a7f elementor-share-buttons--shape-circle elementor-share-buttons--view-icon-text elementor-share-buttons--skin-gradient elementor-grid-0 elementor-share-buttons--color-official elementor-widget elementor-widget-share-buttons\" data-id=\"1fb6a7f\" data-element_type=\"widget\" data-e-type=\"widget\" data-widget_type=\"share-buttons.default\">\n\t\t\t\t\t\t\t<div class=\"elementor-grid\" role=\"list\">\n\t\t\t\t\t\t\t\t<div class=\"elementor-grid-item\" role=\"listitem\">\n\t\t\t\t\t\t<div class=\"elementor-share-btn elementor-share-btn_facebook\" role=\"button\" tabindex=\"0\" aria-label=\"Compartici\u00f3 en facebook\">\n\t\t\t\t\t\t\t\t\t\t\t\t\t\t\t<span class=\"elementor-share-btn__icon\">\n\t\t\t\t\t\t\t\t<svg aria-hidden=\"true\" class=\"e-font-icon-svg e-fab-facebook\" viewBox=\"0 0 512 512\" xmlns=\"http:\/\/www.w3.org\/2000\/svg\"><path d=\"M504 256C504 119 393 8 256 8S8 119 8 256c0 123.78 90.69 226.38 209.25 245V327.69h-63V256h63v-54.64c0-62.15 37-96.48 93.67-96.48 27.14 0 55.52 4.84 55.52 4.84v61h-31.28c-30.8 0-40.41 19.12-40.41 38.73V256h68.78l-11 71.69h-57.78V501C413.31 482.38 504 379.78 504 256z\"><\/path><\/svg>\t\t\t\t\t\t\t<\/span>\n\t\t\t\t\t\t\t\t\t\t\t\t\t\t\t\t\t\t\t\t\t\t<div class=\"elementor-share-btn__text\">\n\t\t\t\t\t\t\t\t\t\t\t\t\t\t\t\t\t\t\t<span class=\"elementor-share-btn__title\">\n\t\t\t\t\t\t\t\t\t\tFacebook\t\t\t\t\t\t\t\t\t<\/span>\n\t\t\t\t\t\t\t\t\t\t\t\t\t\t\t\t\t<\/div>\n\t\t\t\t\t\t\t\t\t\t\t\t\t<\/div>\n\t\t\t\t\t<\/div>\n\t\t\t\t\t\t\t\t\t<div class=\"elementor-grid-item\" role=\"listitem\">\n\t\t\t\t\t\t<div class=\"elementor-share-btn elementor-share-btn_twitter\" role=\"button\" tabindex=\"0\" aria-label=\"Compartici\u00f3 en twitter\">\n\t\t\t\t\t\t\t\t\t\t\t\t\t\t\t<span class=\"elementor-share-btn__icon\">\n\t\t\t\t\t\t\t\t<svg aria-hidden=\"true\" class=\"e-font-icon-svg e-fab-twitter\" viewBox=\"0 0 512 512\" xmlns=\"http:\/\/www.w3.org\/2000\/svg\"><path d=\"M459.37 151.716c.325 4.548.325 9.097.325 13.645 0 138.72-105.583 298.558-298.558 298.558-59.452 0-114.68-17.219-161.137-47.106 8.447.974 16.568 1.299 25.34 1.299 49.055 0 94.213-16.568 130.274-44.832-46.132-.975-84.792-31.188-98.112-72.772 6.498.974 12.995 1.624 19.818 1.624 9.421 0 18.843-1.3 27.614-3.573-48.081-9.747-84.143-51.98-84.143-102.985v-1.299c13.969 7.797 30.214 12.67 47.431 13.319-28.264-18.843-46.781-51.005-46.781-87.391 0-19.492 5.197-37.36 14.294-52.954 51.655 63.675 129.3 105.258 216.365 109.807-1.624-7.797-2.599-15.918-2.599-24.04 0-57.828 46.782-104.934 104.934-104.934 30.213 0 57.502 12.67 76.67 33.137 23.715-4.548 46.456-13.32 66.599-25.34-7.798 24.366-24.366 44.833-46.132 57.827 21.117-2.273 41.584-8.122 60.426-16.243-14.292 20.791-32.161 39.308-52.628 54.253z\"><\/path><\/svg>\t\t\t\t\t\t\t<\/span>\n\t\t\t\t\t\t\t\t\t\t\t\t\t\t\t\t\t\t\t\t\t\t<div class=\"elementor-share-btn__text\">\n\t\t\t\t\t\t\t\t\t\t\t\t\t\t\t\t\t\t\t<span class=\"elementor-share-btn__title\">\n\t\t\t\t\t\t\t\t\t\tTwitter\t\t\t\t\t\t\t\t\t<\/span>\n\t\t\t\t\t\t\t\t\t\t\t\t\t\t\t\t\t<\/div>\n\t\t\t\t\t\t\t\t\t\t\t\t\t<\/div>\n\t\t\t\t\t<\/div>\n\t\t\t\t\t\t\t\t\t<div class=\"elementor-grid-item\" role=\"listitem\">\n\t\t\t\t\t\t<div class=\"elementor-share-btn elementor-share-btn_linkedin\" role=\"button\" tabindex=\"0\" aria-label=\"Compartici\u00f3 en linkedin\">\n\t\t\t\t\t\t\t\t\t\t\t\t\t\t\t<span class=\"elementor-share-btn__icon\">\n\t\t\t\t\t\t\t\t<svg aria-hidden=\"true\" class=\"e-font-icon-svg e-fab-linkedin\" viewBox=\"0 0 448 512\" xmlns=\"http:\/\/www.w3.org\/2000\/svg\"><path d=\"M416 32H31.9C14.3 32 0 46.5 0 64.3v383.4C0 465.5 14.3 480 31.9 480H416c17.6 0 32-14.5 32-32.3V64.3c0-17.8-14.4-32.3-32-32.3zM135.4 416H69V202.2h66.5V416zm-33.2-243c-21.3 0-38.5-17.3-38.5-38.5S80.9 96 102.2 96c21.2 0 38.5 17.3 38.5 38.5 0 21.3-17.2 38.5-38.5 38.5zm282.1 243h-66.4V312c0-24.8-.5-56.7-34.5-56.7-34.6 0-39.9 27-39.9 54.9V416h-66.4V202.2h63.7v29.2h.9c8.9-16.8 30.6-34.5 62.9-34.5 67.2 0 79.7 44.3 79.7 101.9V416z\"><\/path><\/svg>\t\t\t\t\t\t\t<\/span>\n\t\t\t\t\t\t\t\t\t\t\t\t\t\t\t\t\t\t\t\t\t\t<div class=\"elementor-share-btn__text\">\n\t\t\t\t\t\t\t\t\t\t\t\t\t\t\t\t\t\t\t<span class=\"elementor-share-btn__title\">\n\t\t\t\t\t\t\t\t\t\tLinkedIn\t\t\t\t\t\t\t\t\t<\/span>\n\t\t\t\t\t\t\t\t\t\t\t\t\t\t\t\t\t<\/div>\n\t\t\t\t\t\t\t\t\t\t\t\t\t<\/div>\n\t\t\t\t\t<\/div>\n\t\t\t\t\t\t<\/div>\n\t\t\t\t\t\t<\/div>\n\t\t\t\t<div class=\"elementor-element elementor-element-e358f2d elementor-widget elementor-widget-text-editor\" data-id=\"e358f2d\" data-element_type=\"widget\" data-e-type=\"widget\" data-widget_type=\"text-editor.default\">\n\t\t\t\t\t\t\t\t\t<p>El passat <strong>28 de gener de 2026<\/strong>, en el marc de la <strong>I Jornada anual de la C\u00e0tedra UB\u2013Biocontrol Technologies de Microorganismes per a l\u2019Agricultura<\/strong>, celebrada a la Facultat de Biologia de la Universitat de Barcelona, va tenir lloc el lliurament dels <strong>Premis al Millor Treball de Fi de Grau (TFG) 2025<\/strong>.<\/p><p>Aquest concurs t\u00e9 com a objectiu <strong>recon\u00e8ixer el talent jove i fomentar la recerca aplicada<\/strong> en \u00e0mbits relacionats amb la microbiologia agr\u00edcola, la sostenibilitat i la innovaci\u00f3 en el sector agroalimentari, promovent alhora el vincle entre la universitat i l\u2019entorn professional.<\/p><p>Despr\u00e9s de l\u2019avaluaci\u00f3 dels treballs presentats per estudiants de diferents universitats, el jurat \u2014format per la <strong>Dra. Maria Isabel Trillas<\/strong> (professora em\u00e8rita de la Universitat de Barcelona i anterior directora de la C\u00e0tedra), el <strong>Dr. Guillem Segarra<\/strong> (professor lector Serra H\u00fanter i director adjunt de la C\u00e0tedra) i la <strong>Dra. Elena Fern\u00e1ndez<\/strong> (investigadora s\u00e8nior de Biocontrol Technologies)\u2014 va acordar atorgar els premis seg\u00fcents:<\/p>\t\t\t\t\t\t\t\t<\/div>\n\t\t\t\t<div class=\"elementor-element elementor-element-ddf2641 elementor-widget elementor-widget-price-list\" data-id=\"ddf2641\" data-element_type=\"widget\" data-e-type=\"widget\" data-widget_type=\"price-list.default\">\n\t\t\t\t\t\n\t\t<ul class=\"elementor-price-list\">\n\n\t\t\t\t\t\t\t\t\t<li><a class=\"elementor-price-list-item\" href=\"#\">\t\t\t\t\n\t\t\t\t<div class=\"elementor-price-list-text\">\n\t\t\t\t\t\t\t\t\t<div class=\"elementor-price-list-header\">\n\t\t\t\t\t\t\t\t\t\t\t<span class=\"elementor-price-list-title\">\n\t\t\t\t\t\t\tPrimer Premi\t\t\t\t\t\t<\/span>\n\t\t\t\t\t\t\t\t\t\t\t\t\t\t\t\t\t\t<span class=\"elementor-price-list-separator\"><\/span>\n\t\t\t\t\t\t\t\t\t\t\t\t\t\t\t\t\t\t\t<span class=\"elementor-price-list-price\">(1.000 \u20ac)<\/span>\n\t\t\t\t\t\t\t\t\t\t<\/div>\n\t\t\t\t\t\t\t\t\t\t\t\t\t\t\t<p class=\"elementor-price-list-description\">\n\t\t\t\t\t\t\tAina Albuixech Verdaguer\n<br><i>Compatibilitat de soques microbianes per a la constituci\u00f3 d\u2019un consorci microbi\u00e0 bioestimulant<\/i>\t\t\t\t\t\t<\/p>\n\t\t\t\t\t\t\t\t<\/div>\n\t\t\t\t<\/a><\/li>\t\t\t\t\t\t\t\t\t\t\t\t<li><a class=\"elementor-price-list-item\" href=\"#\">\t\t\t\t\n\t\t\t\t<div class=\"elementor-price-list-text\">\n\t\t\t\t\t\t\t\t\t<div class=\"elementor-price-list-header\">\n\t\t\t\t\t\t\t\t\t\t\t<span class=\"elementor-price-list-title\">\n\t\t\t\t\t\t\tSegon premi \t\t\t\t\t\t<\/span>\n\t\t\t\t\t\t\t\t\t\t\t\t\t\t\t\t\t\t<span class=\"elementor-price-list-separator\"><\/span>\n\t\t\t\t\t\t\t\t\t\t\t\t\t\t\t\t\t\t\t<span class=\"elementor-price-list-price\">(500 \u20ac)<\/span>\n\t\t\t\t\t\t\t\t\t\t<\/div>\n\t\t\t\t\t\t\t\t\t\t\t\t\t\t\t<p class=\"elementor-price-list-description\">\n\t\t\t\t\t\t\tLuis Soto Rodr\u00edguez<br><i>\nBeyond conventional growth: Impact of environmental conditions on the sulphur-oxidizing bacteria of the soil community<\/i>\t\t\t\t\t\t<\/p>\n\t\t\t\t\t\t\t\t<\/div>\n\t\t\t\t<\/a><\/li>\t\t\t\t\t\t\t\t\t\t\t\t<li><a class=\"elementor-price-list-item\" href=\"#\">\t\t\t\t\n\t\t\t\t<div class=\"elementor-price-list-text\">\n\t\t\t\t\t\t\t\t\t<div class=\"elementor-price-list-header\">\n\t\t\t\t\t\t\t\t\t\t\t<span class=\"elementor-price-list-title\">\n\t\t\t\t\t\t\tTercer premi\t\t\t\t\t\t<\/span>\n\t\t\t\t\t\t\t\t\t\t\t\t\t\t\t\t\t\t<span class=\"elementor-price-list-separator\"><\/span>\n\t\t\t\t\t\t\t\t\t\t\t\t\t\t\t\t\t\t\t<span class=\"elementor-price-list-price\">(300 \u20ac)<\/span>\n\t\t\t\t\t\t\t\t\t\t<\/div>\n\t\t\t\t\t\t\t\t\t\t\t\t\t\t\t<p class=\"elementor-price-list-description\">\n\t\t\t\t\t\t\tJoan Vicen\u00e7 Ferrer <br><i>\nEfecte de bioestimulants en la qualitat i producci\u00f3 d\u2019albercoquers primerencs<\/i>\n\t\t\t\t\t\t<\/p>\n\t\t\t\t\t\t\t\t<\/div>\n\t\t\t\t<\/a><\/li>\t\t\t\t\t\n\t\t<\/ul>\n\n\t\t\t\t\t\t<\/div>\n\t\t\t\t<div class=\"elementor-element elementor-element-a39194b elementor-widget elementor-widget-text-editor\" data-id=\"a39194b\" data-element_type=\"widget\" data-e-type=\"widget\" data-widget_type=\"text-editor.default\">\n\t\t\t\t\t\t\t\t\t<p>El lliurament dels guardons va anar a c\u00e0rrec del <strong>Dr. Jos\u00e9 Luis Araus<\/strong>, catedr\u00e0tic de la Universitat de Barcelona i actual director de la C\u00e0tedra, durant el desenvolupament de la jornada, que va reunir estudiants, investigadors, professionals del sector i representants d\u2019empreses i institucions en un espai orientat a la <strong>transfer\u00e8ncia de coneixement i a l\u2019impuls de solucions innovadores per a una agricultura m\u00e9s sostenible<\/strong>.<\/p><p>Aquest concurs forma part de les activitats estrat\u00e8giques de la C\u00e0tedra, orientades a <strong>impulsar el talent jove, apropar la recerca al sector productiu i promoure vocacions cient\u00edfiques<\/strong> en l\u2019\u00e0mbit de la microbiologia i el biocontrol.<\/p><p><strong>M\u00e9s informaci\u00f3:<\/strong><\/p><p><a href=\"https:\/\/biocontroltechnologies.com\/catedra-universitaria\/jornada-anual-de-la-catedra-ub-biocontrol-technologies\/\"><strong>https:\/\/biocontroltechnologies.com\/catedra-universitaria\/jornada-anual-de-la-catedra-ub-biocontrol-technologies\/<\/strong><\/a><\/p>\t\t\t\t\t\t\t\t<\/div>\n\t\t\t\t\t<\/div>\n\t\t<\/div>\n\t\t\t\t\t<\/div>\n\t\t<\/section>\n\t\t<div class=\"elementor-element elementor-element-eb209cf e-flex e-con-boxed e-con e-parent\" data-id=\"eb209cf\" data-element_type=\"container\" data-e-type=\"container\">\n\t\t\t\t\t<div class=\"e-con-inner\">\n\t\t\t\t<div class=\"elementor-element elementor-element-193a8d2 elementor-widget elementor-widget-image\" data-id=\"193a8d2\" data-element_type=\"widget\" data-e-type=\"widget\" data-widget_type=\"image.default\">\n\t\t\t\t\t\t\t\t\t\t\t\t\t\t\t<img fetchpriority=\"high\" decoding=\"async\" width=\"1629\" height=\"443\" src=\"https:\/\/biocontroltechnologies.com\/wp-content\/uploads\/2026\/03\/premios-jornada.jpg\" class=\"attachment-full size-full wp-image-37493\" alt=\"\" srcset=\"https:\/\/biocontroltechnologies.com\/wp-content\/uploads\/2026\/03\/premios-jornada.jpg 1629w, https:\/\/biocontroltechnologies.com\/wp-content\/uploads\/2026\/03\/premios-jornada-768x209.jpg 768w, https:\/\/biocontroltechnologies.com\/wp-content\/uploads\/2026\/03\/premios-jornada-1536x418.jpg 1536w, https:\/\/biocontroltechnologies.com\/wp-content\/uploads\/2026\/03\/premios-jornada-600x163.jpg 600w\" sizes=\"(max-width: 1629px) 100vw, 1629px\" \/>\t\t\t\t\t\t\t\t\t\t\t\t\t\t\t<\/div>\n\t\t\t\t\t<\/div>\n\t\t\t\t<\/div>\n\t\t\t\t<\/div>\n\t\t","protected":false},"excerpt":{"rendered":"<p>Lliurament dels Premis al Millor Treball de Final de Grau 2025 de la C\u00e0tedra UB\u2013Biocontrol Technologies Facebook Twitter LinkedIn El passat 28 de gener de 2026, en el marc de la I Jornada anual de la C\u00e0tedra UB\u2013Biocontrol Technologies de Microorganismes per a l\u2019Agricultura, celebrada a la Facultat de Biologia de la Universitat de Barcelona, [&hellip;]<\/p>\n","protected":false},"author":7,"featured_media":36786,"comment_status":"open","ping_status":"open","sticky":false,"template":"","format":"standard","meta":{"footnotes":""},"categories":[1312],"tags":[],"class_list":["post-37488","post","type-post","status-publish","format-standard","has-post-thumbnail","hentry","category-noticies"],"yoast_head":"<!-- This site is optimized with the Yoast SEO plugin v27.0 - https:\/\/yoast.com\/product\/yoast-seo-wordpress\/ -->\n<title>Premis al Millor Treball de Final de Grau 2025 | Biocontrol Technologies<\/title>\n<meta name=\"description\" content=\"Lliurament dels Premis al Millor Treball de Final de Grau 2025 de la C\u00e0tedra UB\u2013Biocontrol Technologies, dedicats a la microbiologia agr\u00edcola i la innovaci\u00f3 sostenible.\" \/>\n<meta name=\"robots\" content=\"index, follow, max-snippet:-1, max-image-preview:large, max-video-preview:-1\" \/>\n<link rel=\"canonical\" href=\"https:\/\/biocontroltechnologies.com\/ca\/2026\/03\/05\/premis-al-millor-treball-de-final-de-grau-2025\/\" \/>\n<meta property=\"og:locale\" content=\"ca_ES\" \/>\n<meta property=\"og:type\" content=\"article\" \/>\n<meta property=\"og:title\" content=\"Premis al Millor Treball de Final de Grau 2025 | Biocontrol Technologies\" \/>\n<meta property=\"og:description\" content=\"Lliurament dels Premis al Millor Treball de Final de Grau 2025 de la C\u00e0tedra UB\u2013Biocontrol Technologies, dedicats a la microbiologia agr\u00edcola i la innovaci\u00f3 sostenible.\" \/>\n<meta property=\"og:url\" content=\"https:\/\/biocontroltechnologies.com\/ca\/2026\/03\/05\/premis-al-millor-treball-de-final-de-grau-2025\/\" \/>\n<meta property=\"og:site_name\" content=\"Biocontrol Technologies\" \/>\n<meta property=\"article:published_time\" content=\"2026-03-05T14:26:05+00:00\" \/>\n<meta property=\"article:modified_time\" content=\"2026-03-09T12:28:35+00:00\" \/>\n<meta property=\"og:image\" content=\"http:\/\/biocontroltechnologies.com\/wp-content\/uploads\/2026\/01\/NEWS_Catedra.webp\" \/>\n\t<meta property=\"og:image:width\" content=\"750\" \/>\n\t<meta property=\"og:image:height\" content=\"422\" \/>\n\t<meta property=\"og:image:type\" content=\"image\/webp\" \/>\n<meta name=\"author\" content=\"Admin-Xavi\" \/>\n<meta name=\"twitter:card\" content=\"summary_large_image\" \/>\n<meta name=\"twitter:label1\" content=\"Escrit per\" \/>\n\t<meta name=\"twitter:data1\" content=\"Admin-Xavi\" \/>\n\t<meta name=\"twitter:label2\" content=\"Temps estimat de lectura\" \/>\n\t<meta name=\"twitter:data2\" content=\"2 minuts\" \/>\n<script type=\"application\/ld+json\" class=\"yoast-schema-graph\">{\"@context\":\"https:\/\/schema.org\",\"@graph\":[{\"@type\":\"Article\",\"@id\":\"https:\/\/biocontroltechnologies.com\/ca\/2026\/03\/05\/premis-al-millor-treball-de-final-de-grau-2025\/#article\",\"isPartOf\":{\"@id\":\"https:\/\/biocontroltechnologies.com\/ca\/2026\/03\/05\/premis-al-millor-treball-de-final-de-grau-2025\/\"},\"author\":{\"name\":\"Admin-Xavi\",\"@id\":\"https:\/\/biocontroltechnologies.com\/ca\/#\/schema\/person\/5f3c420e494ed98a1fcb4e0851b9e46b\"},\"headline\":\"Premis al Millor Treball de Final de Grau 2025\",\"datePublished\":\"2026-03-05T14:26:05+00:00\",\"dateModified\":\"2026-03-09T12:28:35+00:00\",\"mainEntityOfPage\":{\"@id\":\"https:\/\/biocontroltechnologies.com\/ca\/2026\/03\/05\/premis-al-millor-treball-de-final-de-grau-2025\/\"},\"wordCount\":370,\"commentCount\":0,\"image\":{\"@id\":\"https:\/\/biocontroltechnologies.com\/ca\/2026\/03\/05\/premis-al-millor-treball-de-final-de-grau-2025\/#primaryimage\"},\"thumbnailUrl\":\"https:\/\/biocontroltechnologies.com\/wp-content\/uploads\/2026\/01\/NEWS_Catedra.webp\",\"articleSection\":[\"Noticies\"],\"inLanguage\":\"ca\",\"potentialAction\":[{\"@type\":\"CommentAction\",\"name\":\"Comment\",\"target\":[\"https:\/\/biocontroltechnologies.com\/ca\/2026\/03\/05\/premis-al-millor-treball-de-final-de-grau-2025\/#respond\"]}]},{\"@type\":\"WebPage\",\"@id\":\"https:\/\/biocontroltechnologies.com\/ca\/2026\/03\/05\/premis-al-millor-treball-de-final-de-grau-2025\/\",\"url\":\"https:\/\/biocontroltechnologies.com\/ca\/2026\/03\/05\/premis-al-millor-treball-de-final-de-grau-2025\/\",\"name\":\"Premis al Millor Treball de Final de Grau 2025 | Biocontrol Technologies\",\"isPartOf\":{\"@id\":\"https:\/\/biocontroltechnologies.com\/ca\/#website\"},\"primaryImageOfPage\":{\"@id\":\"https:\/\/biocontroltechnologies.com\/ca\/2026\/03\/05\/premis-al-millor-treball-de-final-de-grau-2025\/#primaryimage\"},\"image\":{\"@id\":\"https:\/\/biocontroltechnologies.com\/ca\/2026\/03\/05\/premis-al-millor-treball-de-final-de-grau-2025\/#primaryimage\"},\"thumbnailUrl\":\"https:\/\/biocontroltechnologies.com\/wp-content\/uploads\/2026\/01\/NEWS_Catedra.webp\",\"datePublished\":\"2026-03-05T14:26:05+00:00\",\"dateModified\":\"2026-03-09T12:28:35+00:00\",\"author\":{\"@id\":\"https:\/\/biocontroltechnologies.com\/ca\/#\/schema\/person\/5f3c420e494ed98a1fcb4e0851b9e46b\"},\"description\":\"Lliurament dels Premis al Millor Treball de Final de Grau 2025 de la C\u00e0tedra UB\u2013Biocontrol Technologies, dedicats a la microbiologia agr\u00edcola i la innovaci\u00f3 sostenible.\",\"breadcrumb\":{\"@id\":\"https:\/\/biocontroltechnologies.com\/ca\/2026\/03\/05\/premis-al-millor-treball-de-final-de-grau-2025\/#breadcrumb\"},\"inLanguage\":\"ca\",\"potentialAction\":[{\"@type\":\"ReadAction\",\"target\":[\"https:\/\/biocontroltechnologies.com\/ca\/2026\/03\/05\/premis-al-millor-treball-de-final-de-grau-2025\/\"]}]},{\"@type\":\"ImageObject\",\"inLanguage\":\"ca\",\"@id\":\"https:\/\/biocontroltechnologies.com\/ca\/2026\/03\/05\/premis-al-millor-treball-de-final-de-grau-2025\/#primaryimage\",\"url\":\"https:\/\/biocontroltechnologies.com\/wp-content\/uploads\/2026\/01\/NEWS_Catedra.webp\",\"contentUrl\":\"https:\/\/biocontroltechnologies.com\/wp-content\/uploads\/2026\/01\/NEWS_Catedra.webp\",\"width\":750,\"height\":422},{\"@type\":\"BreadcrumbList\",\"@id\":\"https:\/\/biocontroltechnologies.com\/ca\/2026\/03\/05\/premis-al-millor-treball-de-final-de-grau-2025\/#breadcrumb\",\"itemListElement\":[{\"@type\":\"ListItem\",\"position\":1,\"name\":\"Portada\",\"item\":\"https:\/\/biocontroltechnologies.com\/ca\/\"},{\"@type\":\"ListItem\",\"position\":2,\"name\":\"Premis al Millor Treball de Final de Grau 2025\"}]},{\"@type\":\"WebSite\",\"@id\":\"https:\/\/biocontroltechnologies.com\/ca\/#website\",\"url\":\"https:\/\/biocontroltechnologies.com\/ca\/\",\"name\":\"Biocontrol Technologies\",\"description\":\"Abordando las enfermedades para transformar la agricultura.\",\"alternateName\":\"Biocontrol Technologies\",\"potentialAction\":[{\"@type\":\"SearchAction\",\"target\":{\"@type\":\"EntryPoint\",\"urlTemplate\":\"https:\/\/biocontroltechnologies.com\/ca\/?s={search_term_string}\"},\"query-input\":{\"@type\":\"PropertyValueSpecification\",\"valueRequired\":true,\"valueName\":\"search_term_string\"}}],\"inLanguage\":\"ca\"},{\"@type\":\"Person\",\"@id\":\"https:\/\/biocontroltechnologies.com\/ca\/#\/schema\/person\/5f3c420e494ed98a1fcb4e0851b9e46b\",\"name\":\"Admin-Xavi\",\"image\":{\"@type\":\"ImageObject\",\"inLanguage\":\"ca\",\"@id\":\"https:\/\/biocontroltechnologies.com\/ca\/#\/schema\/person\/image\/\",\"url\":\"https:\/\/secure.gravatar.com\/avatar\/4d80b1b24b3c205977ac67b583883cc164177544835d519ece21a5648202a1fd?s=96&d=mm&r=g\",\"contentUrl\":\"https:\/\/secure.gravatar.com\/avatar\/4d80b1b24b3c205977ac67b583883cc164177544835d519ece21a5648202a1fd?s=96&d=mm&r=g\",\"caption\":\"Admin-Xavi\"},\"url\":\"https:\/\/biocontroltechnologies.com\/ca\/author\/admin-xavi\/\"}]}<\/script>\n<!-- \/ Yoast SEO plugin. -->","yoast_head_json":{"title":"Premis al Millor Treball de Final de Grau 2025 | Biocontrol Technologies","description":"Lliurament dels Premis al Millor Treball de Final de Grau 2025 de la C\u00e0tedra UB\u2013Biocontrol Technologies, dedicats a la microbiologia agr\u00edcola i la innovaci\u00f3 sostenible.","robots":{"index":"index","follow":"follow","max-snippet":"max-snippet:-1","max-image-preview":"max-image-preview:large","max-video-preview":"max-video-preview:-1"},"canonical":"https:\/\/biocontroltechnologies.com\/ca\/2026\/03\/05\/premis-al-millor-treball-de-final-de-grau-2025\/","og_locale":"ca_ES","og_type":"article","og_title":"Premis al Millor Treball de Final de Grau 2025 | Biocontrol Technologies","og_description":"Lliurament dels Premis al Millor Treball de Final de Grau 2025 de la C\u00e0tedra UB\u2013Biocontrol Technologies, dedicats a la microbiologia agr\u00edcola i la innovaci\u00f3 sostenible.","og_url":"https:\/\/biocontroltechnologies.com\/ca\/2026\/03\/05\/premis-al-millor-treball-de-final-de-grau-2025\/","og_site_name":"Biocontrol Technologies","article_published_time":"2026-03-05T14:26:05+00:00","article_modified_time":"2026-03-09T12:28:35+00:00","og_image":[{"width":750,"height":422,"url":"http:\/\/biocontroltechnologies.com\/wp-content\/uploads\/2026\/01\/NEWS_Catedra.webp","type":"image\/webp"}],"author":"Admin-Xavi","twitter_card":"summary_large_image","twitter_misc":{"Escrit per":"Admin-Xavi","Temps estimat de lectura":"2 minuts"},"schema":{"@context":"https:\/\/schema.org","@graph":[{"@type":"Article","@id":"https:\/\/biocontroltechnologies.com\/ca\/2026\/03\/05\/premis-al-millor-treball-de-final-de-grau-2025\/#article","isPartOf":{"@id":"https:\/\/biocontroltechnologies.com\/ca\/2026\/03\/05\/premis-al-millor-treball-de-final-de-grau-2025\/"},"author":{"name":"Admin-Xavi","@id":"https:\/\/biocontroltechnologies.com\/ca\/#\/schema\/person\/5f3c420e494ed98a1fcb4e0851b9e46b"},"headline":"Premis al Millor Treball de Final de Grau 2025","datePublished":"2026-03-05T14:26:05+00:00","dateModified":"2026-03-09T12:28:35+00:00","mainEntityOfPage":{"@id":"https:\/\/biocontroltechnologies.com\/ca\/2026\/03\/05\/premis-al-millor-treball-de-final-de-grau-2025\/"},"wordCount":370,"commentCount":0,"image":{"@id":"https:\/\/biocontroltechnologies.com\/ca\/2026\/03\/05\/premis-al-millor-treball-de-final-de-grau-2025\/#primaryimage"},"thumbnailUrl":"https:\/\/biocontroltechnologies.com\/wp-content\/uploads\/2026\/01\/NEWS_Catedra.webp","articleSection":["Noticies"],"inLanguage":"ca","potentialAction":[{"@type":"CommentAction","name":"Comment","target":["https:\/\/biocontroltechnologies.com\/ca\/2026\/03\/05\/premis-al-millor-treball-de-final-de-grau-2025\/#respond"]}]},{"@type":"WebPage","@id":"https:\/\/biocontroltechnologies.com\/ca\/2026\/03\/05\/premis-al-millor-treball-de-final-de-grau-2025\/","url":"https:\/\/biocontroltechnologies.com\/ca\/2026\/03\/05\/premis-al-millor-treball-de-final-de-grau-2025\/","name":"Premis al Millor Treball de Final de Grau 2025 | Biocontrol Technologies","isPartOf":{"@id":"https:\/\/biocontroltechnologies.com\/ca\/#website"},"primaryImageOfPage":{"@id":"https:\/\/biocontroltechnologies.com\/ca\/2026\/03\/05\/premis-al-millor-treball-de-final-de-grau-2025\/#primaryimage"},"image":{"@id":"https:\/\/biocontroltechnologies.com\/ca\/2026\/03\/05\/premis-al-millor-treball-de-final-de-grau-2025\/#primaryimage"},"thumbnailUrl":"https:\/\/biocontroltechnologies.com\/wp-content\/uploads\/2026\/01\/NEWS_Catedra.webp","datePublished":"2026-03-05T14:26:05+00:00","dateModified":"2026-03-09T12:28:35+00:00","author":{"@id":"https:\/\/biocontroltechnologies.com\/ca\/#\/schema\/person\/5f3c420e494ed98a1fcb4e0851b9e46b"},"description":"Lliurament dels Premis al Millor Treball de Final de Grau 2025 de la C\u00e0tedra UB\u2013Biocontrol Technologies, dedicats a la microbiologia agr\u00edcola i la innovaci\u00f3 sostenible.","breadcrumb":{"@id":"https:\/\/biocontroltechnologies.com\/ca\/2026\/03\/05\/premis-al-millor-treball-de-final-de-grau-2025\/#breadcrumb"},"inLanguage":"ca","potentialAction":[{"@type":"ReadAction","target":["https:\/\/biocontroltechnologies.com\/ca\/2026\/03\/05\/premis-al-millor-treball-de-final-de-grau-2025\/"]}]},{"@type":"ImageObject","inLanguage":"ca","@id":"https:\/\/biocontroltechnologies.com\/ca\/2026\/03\/05\/premis-al-millor-treball-de-final-de-grau-2025\/#primaryimage","url":"https:\/\/biocontroltechnologies.com\/wp-content\/uploads\/2026\/01\/NEWS_Catedra.webp","contentUrl":"https:\/\/biocontroltechnologies.com\/wp-content\/uploads\/2026\/01\/NEWS_Catedra.webp","width":750,"height":422},{"@type":"BreadcrumbList","@id":"https:\/\/biocontroltechnologies.com\/ca\/2026\/03\/05\/premis-al-millor-treball-de-final-de-grau-2025\/#breadcrumb","itemListElement":[{"@type":"ListItem","position":1,"name":"Portada","item":"https:\/\/biocontroltechnologies.com\/ca\/"},{"@type":"ListItem","position":2,"name":"Premis al Millor Treball de Final de Grau 2025"}]},{"@type":"WebSite","@id":"https:\/\/biocontroltechnologies.com\/ca\/#website","url":"https:\/\/biocontroltechnologies.com\/ca\/","name":"Biocontrol Technologies","description":"Abordando las enfermedades para transformar la agricultura.","alternateName":"Biocontrol Technologies","potentialAction":[{"@type":"SearchAction","target":{"@type":"EntryPoint","urlTemplate":"https:\/\/biocontroltechnologies.com\/ca\/?s={search_term_string}"},"query-input":{"@type":"PropertyValueSpecification","valueRequired":true,"valueName":"search_term_string"}}],"inLanguage":"ca"},{"@type":"Person","@id":"https:\/\/biocontroltechnologies.com\/ca\/#\/schema\/person\/5f3c420e494ed98a1fcb4e0851b9e46b","name":"Admin-Xavi","image":{"@type":"ImageObject","inLanguage":"ca","@id":"https:\/\/biocontroltechnologies.com\/ca\/#\/schema\/person\/image\/","url":"https:\/\/secure.gravatar.com\/avatar\/4d80b1b24b3c205977ac67b583883cc164177544835d519ece21a5648202a1fd?s=96&d=mm&r=g","contentUrl":"https:\/\/secure.gravatar.com\/avatar\/4d80b1b24b3c205977ac67b583883cc164177544835d519ece21a5648202a1fd?s=96&d=mm&r=g","caption":"Admin-Xavi"},"url":"https:\/\/biocontroltechnologies.com\/ca\/author\/admin-xavi\/"}]}},"_links":{"self":[{"href":"https:\/\/biocontroltechnologies.com\/ca\/wp-json\/wp\/v2\/posts\/37488","targetHints":{"allow":["GET"]}}],"collection":[{"href":"https:\/\/biocontroltechnologies.com\/ca\/wp-json\/wp\/v2\/posts"}],"about":[{"href":"https:\/\/biocontroltechnologies.com\/ca\/wp-json\/wp\/v2\/types\/post"}],"author":[{"embeddable":true,"href":"https:\/\/biocontroltechnologies.com\/ca\/wp-json\/wp\/v2\/users\/7"}],"replies":[{"embeddable":true,"href":"https:\/\/biocontroltechnologies.com\/ca\/wp-json\/wp\/v2\/comments?post=37488"}],"version-history":[{"count":7,"href":"https:\/\/biocontroltechnologies.com\/ca\/wp-json\/wp\/v2\/posts\/37488\/revisions"}],"predecessor-version":[{"id":37759,"href":"https:\/\/biocontroltechnologies.com\/ca\/wp-json\/wp\/v2\/posts\/37488\/revisions\/37759"}],"wp:featuredmedia":[{"embeddable":true,"href":"https:\/\/biocontroltechnologies.com\/ca\/wp-json\/wp\/v2\/media\/36786"}],"wp:attachment":[{"href":"https:\/\/biocontroltechnologies.com\/ca\/wp-json\/wp\/v2\/media?parent=37488"}],"wp:term":[{"taxonomy":"category","embeddable":true,"href":"https:\/\/biocontroltechnologies.com\/ca\/wp-json\/wp\/v2\/categories?post=37488"},{"taxonomy":"post_tag","embeddable":true,"href":"https:\/\/biocontroltechnologies.com\/ca\/wp-json\/wp\/v2\/tags?post=37488"}],"curies":[{"name":"wp","href":"https:\/\/api.w.org\/{rel}","templated":true}]}}