{"id":37773,"date":"2026-01-02T14:56:51","date_gmt":"2026-01-02T13:56:51","guid":{"rendered":"https:\/\/biocontroltechnologies.com\/2026\/01\/02\/la-catedra-organitza-la-1a-jornada-sobre-microorganismes-i-sanitat-vegetal\/"},"modified":"2026-03-09T16:36:49","modified_gmt":"2026-03-09T15:36:49","slug":"la-catedra-organitza-la-1a-jornada-sobre-microorganismes-i-sanitat-vegetal","status":"publish","type":"post","link":"https:\/\/biocontroltechnologies.com\/ca\/2026\/01\/02\/la-catedra-organitza-la-1a-jornada-sobre-microorganismes-i-sanitat-vegetal\/","title":{"rendered":"La C\u00e0tedra organitza la 1a Jornada sobre microorganismes i sanitat vegetal."},"content":{"rendered":"\t\t<div data-elementor-type=\"wp-post\" data-elementor-id=\"37773\" class=\"elementor elementor-37773 elementor-31074\" data-elementor-post-type=\"post\">\n\t\t\t\t\t\t<section class=\"elementor-section elementor-top-section elementor-element elementor-element-1952bc7 elementor-section-boxed elementor-section-height-default elementor-section-height-default\" data-id=\"1952bc7\" data-element_type=\"section\" data-e-type=\"section\">\n\t\t\t\t\t\t<div class=\"elementor-container elementor-column-gap-default\">\n\t\t\t\t\t<div class=\"elementor-column elementor-col-100 elementor-top-column elementor-element elementor-element-6e1153b\" data-id=\"6e1153b\" data-element_type=\"column\" data-e-type=\"column\">\n\t\t\t<div class=\"elementor-widget-wrap elementor-element-populated\">\n\t\t\t\t\t\t<div class=\"elementor-element elementor-element-e5faa0a elementor-widget elementor-widget-heading\" data-id=\"e5faa0a\" data-element_type=\"widget\" data-e-type=\"widget\" data-widget_type=\"heading.default\">\n\t\t\t\t\t<h1 class=\"elementor-heading-title elementor-size-default\">La C\u00e0tedra UB Biocontrol Technologies de Microorganismes per a l'Agricultura organitza la primera jornada divulgativa.<\/h1>\t\t\t\t<\/div>\n\t\t\t\t<div class=\"elementor-element elementor-element-66be9e0 elementor-widget elementor-widget-heading\" data-id=\"66be9e0\" data-element_type=\"widget\" data-e-type=\"widget\" data-widget_type=\"heading.default\">\n\t\t\t\t\t<div class=\"elementor-heading-title elementor-size-default\">Una jornada per analitzar el paper dels microorganismes com a eina clau per a una sanitat vegetal sostenible i alineada amb els reptes actuals del sector agrari.<\/div>\t\t\t\t<\/div>\n\t\t\t\t<div class=\"elementor-element elementor-element-af18d0e elementor-share-buttons--shape-circle elementor-share-buttons--view-icon-text elementor-share-buttons--skin-gradient elementor-grid-0 elementor-share-buttons--color-official elementor-widget elementor-widget-share-buttons\" data-id=\"af18d0e\" data-element_type=\"widget\" data-e-type=\"widget\" data-widget_type=\"share-buttons.default\">\n\t\t\t\t\t\t\t<div class=\"elementor-grid\" role=\"list\">\n\t\t\t\t\t\t\t\t<div class=\"elementor-grid-item\" role=\"listitem\">\n\t\t\t\t\t\t<div class=\"elementor-share-btn elementor-share-btn_facebook\" role=\"button\" tabindex=\"0\" aria-label=\"Compartici\u00f3 en facebook\">\n\t\t\t\t\t\t\t\t\t\t\t\t\t\t\t<span class=\"elementor-share-btn__icon\">\n\t\t\t\t\t\t\t\t<svg aria-hidden=\"true\" class=\"e-font-icon-svg e-fab-facebook\" viewBox=\"0 0 512 512\" xmlns=\"http:\/\/www.w3.org\/2000\/svg\"><path d=\"M504 256C504 119 393 8 256 8S8 119 8 256c0 123.78 90.69 226.38 209.25 245V327.69h-63V256h63v-54.64c0-62.15 37-96.48 93.67-96.48 27.14 0 55.52 4.84 55.52 4.84v61h-31.28c-30.8 0-40.41 19.12-40.41 38.73V256h68.78l-11 71.69h-57.78V501C413.31 482.38 504 379.78 504 256z\"><\/path><\/svg>\t\t\t\t\t\t\t<\/span>\n\t\t\t\t\t\t\t\t\t\t\t\t\t\t\t\t\t\t\t\t\t\t<div class=\"elementor-share-btn__text\">\n\t\t\t\t\t\t\t\t\t\t\t\t\t\t\t\t\t\t\t<span class=\"elementor-share-btn__title\">\n\t\t\t\t\t\t\t\t\t\tFacebook\t\t\t\t\t\t\t\t\t<\/span>\n\t\t\t\t\t\t\t\t\t\t\t\t\t\t\t\t\t<\/div>\n\t\t\t\t\t\t\t\t\t\t\t\t\t<\/div>\n\t\t\t\t\t<\/div>\n\t\t\t\t\t\t\t\t\t<div class=\"elementor-grid-item\" role=\"listitem\">\n\t\t\t\t\t\t<div class=\"elementor-share-btn elementor-share-btn_twitter\" role=\"button\" tabindex=\"0\" aria-label=\"Compartici\u00f3 en twitter\">\n\t\t\t\t\t\t\t\t\t\t\t\t\t\t\t<span class=\"elementor-share-btn__icon\">\n\t\t\t\t\t\t\t\t<svg aria-hidden=\"true\" class=\"e-font-icon-svg e-fab-twitter\" viewBox=\"0 0 512 512\" xmlns=\"http:\/\/www.w3.org\/2000\/svg\"><path d=\"M459.37 151.716c.325 4.548.325 9.097.325 13.645 0 138.72-105.583 298.558-298.558 298.558-59.452 0-114.68-17.219-161.137-47.106 8.447.974 16.568 1.299 25.34 1.299 49.055 0 94.213-16.568 130.274-44.832-46.132-.975-84.792-31.188-98.112-72.772 6.498.974 12.995 1.624 19.818 1.624 9.421 0 18.843-1.3 27.614-3.573-48.081-9.747-84.143-51.98-84.143-102.985v-1.299c13.969 7.797 30.214 12.67 47.431 13.319-28.264-18.843-46.781-51.005-46.781-87.391 0-19.492 5.197-37.36 14.294-52.954 51.655 63.675 129.3 105.258 216.365 109.807-1.624-7.797-2.599-15.918-2.599-24.04 0-57.828 46.782-104.934 104.934-104.934 30.213 0 57.502 12.67 76.67 33.137 23.715-4.548 46.456-13.32 66.599-25.34-7.798 24.366-24.366 44.833-46.132 57.827 21.117-2.273 41.584-8.122 60.426-16.243-14.292 20.791-32.161 39.308-52.628 54.253z\"><\/path><\/svg>\t\t\t\t\t\t\t<\/span>\n\t\t\t\t\t\t\t\t\t\t\t\t\t\t\t\t\t\t\t\t\t\t<div class=\"elementor-share-btn__text\">\n\t\t\t\t\t\t\t\t\t\t\t\t\t\t\t\t\t\t\t<span class=\"elementor-share-btn__title\">\n\t\t\t\t\t\t\t\t\t\tTwitter\t\t\t\t\t\t\t\t\t<\/span>\n\t\t\t\t\t\t\t\t\t\t\t\t\t\t\t\t\t<\/div>\n\t\t\t\t\t\t\t\t\t\t\t\t\t<\/div>\n\t\t\t\t\t<\/div>\n\t\t\t\t\t\t\t\t\t<div class=\"elementor-grid-item\" role=\"listitem\">\n\t\t\t\t\t\t<div class=\"elementor-share-btn elementor-share-btn_linkedin\" role=\"button\" tabindex=\"0\" aria-label=\"Compartici\u00f3 en linkedin\">\n\t\t\t\t\t\t\t\t\t\t\t\t\t\t\t<span class=\"elementor-share-btn__icon\">\n\t\t\t\t\t\t\t\t<svg aria-hidden=\"true\" class=\"e-font-icon-svg e-fab-linkedin\" viewBox=\"0 0 448 512\" xmlns=\"http:\/\/www.w3.org\/2000\/svg\"><path d=\"M416 32H31.9C14.3 32 0 46.5 0 64.3v383.4C0 465.5 14.3 480 31.9 480H416c17.6 0 32-14.5 32-32.3V64.3c0-17.8-14.4-32.3-32-32.3zM135.4 416H69V202.2h66.5V416zm-33.2-243c-21.3 0-38.5-17.3-38.5-38.5S80.9 96 102.2 96c21.2 0 38.5 17.3 38.5 38.5 0 21.3-17.2 38.5-38.5 38.5zm282.1 243h-66.4V312c0-24.8-.5-56.7-34.5-56.7-34.6 0-39.9 27-39.9 54.9V416h-66.4V202.2h63.7v29.2h.9c8.9-16.8 30.6-34.5 62.9-34.5 67.2 0 79.7 44.3 79.7 101.9V416z\"><\/path><\/svg>\t\t\t\t\t\t\t<\/span>\n\t\t\t\t\t\t\t\t\t\t\t\t\t\t\t\t\t\t\t\t\t\t<div class=\"elementor-share-btn__text\">\n\t\t\t\t\t\t\t\t\t\t\t\t\t\t\t\t\t\t\t<span class=\"elementor-share-btn__title\">\n\t\t\t\t\t\t\t\t\t\tLinkedIn\t\t\t\t\t\t\t\t\t<\/span>\n\t\t\t\t\t\t\t\t\t\t\t\t\t\t\t\t\t<\/div>\n\t\t\t\t\t\t\t\t\t\t\t\t\t<\/div>\n\t\t\t\t\t<\/div>\n\t\t\t\t\t\t<\/div>\n\t\t\t\t\t\t<\/div>\n\t\t\t\t<div class=\"elementor-element elementor-element-81edb37 elementor-widget-divider--view-line elementor-widget elementor-widget-divider\" data-id=\"81edb37\" data-element_type=\"widget\" data-e-type=\"widget\" data-widget_type=\"divider.default\">\n\t\t\t\t\t\t\t<div class=\"elementor-divider\">\n\t\t\t<span class=\"elementor-divider-separator\">\n\t\t\t\t\t\t<\/span>\n\t\t<\/div>\n\t\t\t\t\t\t<\/div>\n\t\t\t\t<div class=\"elementor-element elementor-element-2b963cf elementor-widget elementor-widget-heading\" data-id=\"2b963cf\" data-element_type=\"widget\" data-e-type=\"widget\" data-widget_type=\"heading.default\">\n\t\t\t\t\t<div class=\"elementor-heading-title elementor-size-default\">Barcelona, 29 de gener de 2026.<\/div>\t\t\t\t<\/div>\n\t\t\t\t<div class=\"elementor-element elementor-element-5496a64 elementor-widget__width-initial elementor-widget elementor-widget-text-editor\" data-id=\"5496a64\" data-element_type=\"widget\" data-e-type=\"widget\" data-widget_type=\"text-editor.default\">\n\t\t\t\t\t\t\t\t\t<p>La <strong>Facultat de Biologia de la Universitat de Barcelona<\/strong> ser\u00e0 l&#8217;escenari de la <strong>1a Jornada de la C\u00e0tedra UB Biocontrol Technologies de Microorganismes per a l&#8217;Agricultura<\/strong>, sota el t\u00edtol <em>&#8220;Els microorganismes, una alternativa viable per a la sanitat vegetal&#8221;<\/em>. La trobada es concep com un espai divulgatiu i formatiu orientat a professionals del sector agr\u00edcola, investigadors, t\u00e8cnics, assessors i estudiants universitaris interessats en la innovaci\u00f3 agr\u00edcola i el maneig integrat de plagues i malalties.<\/p><p>La jornada neix amb una <strong>finalitat dual<\/strong>. D\u2019una banda, oferir una visi\u00f3 actualitzada, rigorosa i professional sobre el paper que exerceixen els microorganismes en la sanitat vegetal, integrant coneixement cient\u00edfic, experi\u00e8ncia t\u00e8cnica i la perspectiva del sector productiu. De l\u2019altra, <strong>impulsar el talent jove<\/strong>, fomentar la recerca aplicada i refor\u00e7ar el vincle entre la universitat i el sector agrari, un dels eixos estrat\u00e8gics de la C\u00e0tedra.<\/p><p>Organitzada per la <strong>C\u00e0tedra UB Biocontrol Technologies de Microorganismes per a l&#8217;Agricultura<\/strong>, iniciativa conjunta entre la universitat i l\u2019empresa biotecnol\u00f2gica <strong>Biocontrol Technologies<\/strong>, la jornada posa en relleu la import\u00e0ncia de la col\u00b7laboraci\u00f3 universitat-empresa com a motor de transfer\u00e8ncia de coneixement i desenvolupament de solucions innovadores en l\u2019\u00e0mbit del biocontrol i l\u2019agricultura sostenible.<\/p><p>La trobada reunir\u00e0 <strong>investigadors, t\u00e8cnics, ADVs, representants institucionals, agricultors i entitats sectorials,<\/strong> i es configurar\u00e0 com un f\u00f2rum d\u2019an\u00e0lisi i debat sobre els <strong>reptes i oportunitats de l\u2019\u00fas de microorganismes<\/strong> dins dels sistemes agr\u00edcoles sostenibles. En un context marcat per la necessitat de reduir l\u2019impacte ambiental i avan\u00e7ar cap a models productius m\u00e9s eficients, els microorganismes es posicionen com una eina clau dins les estrat\u00e8gies de sanitat vegetal del segle XXI.<\/p>\t\t\t\t\t\t\t\t<\/div>\n\t\t\t\t<div class=\"elementor-element elementor-element-7dd01f5 elementor-widget elementor-widget-heading\" data-id=\"7dd01f5\" data-element_type=\"widget\" data-e-type=\"widget\" data-widget_type=\"heading.default\">\n\t\t\t\t\t<h2 class=\"elementor-heading-title elementor-size-default\">Programa de la Jornada<\/h2>\t\t\t\t<\/div>\n\t\t\t\t<div class=\"elementor-element elementor-element-d1047a1 elementor-widget__width-initial elementor-widget elementor-widget-text-editor\" data-id=\"d1047a1\" data-element_type=\"widget\" data-e-type=\"widget\" data-widget_type=\"text-editor.default\">\n\t\t\t\t\t\t\t\t\t<p>El <strong>programa de la jornada<\/strong> s\u2019estructura en diferents blocs que combinen continguts t\u00e8cnics, espais d\u2019intercanvi i reflexi\u00f3 estrat\u00e8gica. Despr\u00e9s de la recepci\u00f3 i acreditaci\u00f3 dels assistents, l\u2019acte s\u2019iniciar\u00e0 amb una presentaci\u00f3 institucional en qu\u00e8 es contextualitzar\u00e0 la jornada, es presentar\u00e0 la C\u00e0tedra i s\u2019explicaran els objectius de la trobada. A continuaci\u00f3, una primera pon\u00e8ncia abordar\u00e0 el paper dels microorganismes en la sanitat vegetal, posant el focus en la seva funci\u00f3 dins dels programes de control biol\u00f2gic i de gesti\u00f3 integrada de plagues i malalties.<\/p><p>La jornada inclour\u00e0 tamb\u00e9 una <strong>taula rodona<\/strong> dedicada a analitzar els principals desafiaments per a la implementaci\u00f3 de solucions microbiol\u00f2giques al camp, aix\u00ed com <strong>espais de networking<\/strong> dissenyats per afavorir l\u2019intercanvi de coneixement entre els diferents perfils professionals assistents. El programa es tancar\u00e0 amb una confer\u00e8ncia final centrada en l\u2019an\u00e0lisi comparativa entre solucions microbiol\u00f2giques i productes qu\u00edmics, i es reflexionar\u00e0 sobre el seu paper en la sanitat vegetal del futur i en el marc d\u2019una agricultura sostenible.<\/p><p>En el marc de l\u2019esdeveniment se celebrar\u00e0 igualment <strong>l\u2019acte de lliurament dels Premis als millors Treballs de Fi de Grau (TFG)<\/strong> del curs acad\u00e8mic 2024\u20132025, adre\u00e7ats a estudiants d\u2019universitats catalanes. La C\u00e0tedra convoca tres premis amb l\u2019objectiu de <strong>recon\u00e8ixer i promoure investigacions orientades a l\u2019agricultura sostenible,<\/strong> el control biol\u00f2gic i integrat, l\u2019\u00fas de microorganismes per al control de plagues i malalties, aix\u00ed com la biofertilitzaci\u00f3, la bioestimulaci\u00f3 i el desenvolupament de tecnologies sostenibles aplicades al sector agr\u00edcola.<\/p><p>Amb l\u2019organitzaci\u00f3 d\u2019aquesta primera jornada, la <strong>C\u00e0tedra UB Biocontrol Technologies<\/strong> referma el seu comprom\u00eds amb la <strong>innovaci\u00f3 agr\u00edcola<\/strong>, la transfer\u00e8ncia de coneixement i la formaci\u00f3 de les noves generacions de professionals i investigadors. Un comprom\u00eds orientat a contribuir activament a l\u2019aven\u00e7 cap a una <strong>sanitat vegetal m\u00e9s eficient, sostenible i alineada amb els reptes actuals del sector agrari<\/strong>, consolidant el paper dels microorganismes com una alternativa viable i estrat\u00e8gica en la protecci\u00f3 dels conreus.<\/p>\t\t\t\t\t\t\t\t<\/div>\n\t\t\t\t\t<\/div>\n\t\t<\/div>\n\t\t\t\t\t<\/div>\n\t\t<\/section>\n\t\t\t\t<section class=\"elementor-section elementor-top-section elementor-element elementor-element-e1de624 elementor-section-boxed elementor-section-height-default elementor-section-height-default\" data-id=\"e1de624\" data-element_type=\"section\" data-e-type=\"section\">\n\t\t\t\t\t\t<div class=\"elementor-container elementor-column-gap-default\">\n\t\t\t\t\t<div class=\"elementor-column elementor-col-100 elementor-top-column elementor-element elementor-element-4f6fac0\" data-id=\"4f6fac0\" data-element_type=\"column\" data-e-type=\"column\">\n\t\t\t<div class=\"elementor-widget-wrap elementor-element-populated\">\n\t\t\t\t\t\t<div class=\"elementor-element elementor-element-2aabc4f elementor-widget elementor-widget-image\" data-id=\"2aabc4f\" data-element_type=\"widget\" data-e-type=\"widget\" data-widget_type=\"image.default\">\n\t\t\t\t\t\t\t\t\t\t\t\t\t\t\t<img decoding=\"async\" src=\"https:\/\/biocontroltechnologies.com\/wp-content\/uploads\/2025\/12\/programacion-jornada-de-la-catedra-ub-biocontrol-technologies.jpg\" title=\"\" alt=\"\" loading=\"lazy\" \/>\t\t\t\t\t\t\t\t\t\t\t\t\t\t\t<\/div>\n\t\t\t\t\t<\/div>\n\t\t<\/div>\n\t\t\t\t\t<\/div>\n\t\t<\/section>\n\t\t\t\t<section class=\"elementor-section elementor-top-section elementor-element elementor-element-4ea11d3 elementor-section-boxed elementor-section-height-default elementor-section-height-default\" data-id=\"4ea11d3\" data-element_type=\"section\" data-e-type=\"section\">\n\t\t\t\t\t\t<div class=\"elementor-container elementor-column-gap-default\">\n\t\t\t\t\t<div class=\"elementor-column elementor-col-100 elementor-top-column elementor-element elementor-element-e83761c\" data-id=\"e83761c\" data-element_type=\"column\" data-e-type=\"column\">\n\t\t\t<div class=\"elementor-widget-wrap elementor-element-populated\">\n\t\t\t\t\t\t<div class=\"elementor-element elementor-element-1aae3d9 elementor-widget elementor-widget-image\" data-id=\"1aae3d9\" data-element_type=\"widget\" data-e-type=\"widget\" data-widget_type=\"image.default\">\n\t\t\t\t\t\t\t\t\t\t\t\t\t\t\t<img fetchpriority=\"high\" decoding=\"async\" width=\"1920\" height=\"740\" src=\"https:\/\/biocontroltechnologies.com\/wp-content\/uploads\/2023\/06\/biocontrol_CASTELLA-1-1.png\" class=\"attachment-full size-full wp-image-18217\" alt=\"C\u00e0tedra BCT UB\" srcset=\"https:\/\/biocontroltechnologies.com\/wp-content\/uploads\/2023\/06\/biocontrol_CASTELLA-1-1.png 1920w, https:\/\/biocontroltechnologies.com\/wp-content\/uploads\/2023\/06\/biocontrol_CASTELLA-1-1-768x296.png 768w, https:\/\/biocontroltechnologies.com\/wp-content\/uploads\/2023\/06\/biocontrol_CASTELLA-1-1-1536x592.png 1536w, https:\/\/biocontroltechnologies.com\/wp-content\/uploads\/2023\/06\/biocontrol_CASTELLA-1-1-600x231.png 600w\" sizes=\"(max-width: 1920px) 100vw, 1920px\" \/>\t\t\t\t\t\t\t\t\t\t\t\t\t\t\t<\/div>\n\t\t\t\t\t<\/div>\n\t\t<\/div>\n\t\t\t\t\t<\/div>\n\t\t<\/section>\n\t\t<div class=\"elementor-element elementor-element-3eb4f4d e-flex e-con-boxed e-con e-parent\" data-id=\"3eb4f4d\" data-element_type=\"container\" data-e-type=\"container\">\n\t\t\t\t\t<div class=\"e-con-inner\">\n\t\t\t\t<div class=\"elementor-element elementor-element-4a106fc elementor-align-center elementor-widget elementor-widget-button\" data-id=\"4a106fc\" data-element_type=\"widget\" data-e-type=\"widget\" data-widget_type=\"button.default\">\n\t\t\t\t\t\t\t\t\t\t<a class=\"elementor-button elementor-button-link elementor-size-sm\" href=\"http:\/\/www.biocontroltechnologies.com\/catedra-universitaria\/jornada-anual-de-la-catedra-ub-biocontrol-technologies\/\">\n\t\t\t\t\t\t<span class=\"elementor-button-content-wrapper\">\n\t\t\t\t\t\t\t\t\t<span class=\"elementor-button-text\">M\u00e9s informaci\u00f3<\/span>\n\t\t\t\t\t<\/span>\n\t\t\t\t\t<\/a>\n\t\t\t\t\t\t\t\t<\/div>\n\t\t\t\t\t<\/div>\n\t\t\t\t<\/div>\n\t\t\t\t<\/div>\n\t\t","protected":false},"excerpt":{"rendered":"<p>La C\u00e0tedra UB Biocontrol Technologies de Microorganismes per a l&#8217;Agricultura organitza la primera jornada divulgativa. Una jornada per analitzar el paper dels microorganismes com a eina clau per a una sanitat vegetal sostenible i alineada amb els reptes actuals del sector agrari. Facebook Twitter LinkedIn Barcelona, 29 de gener de 2026. La Facultat de Biologia [&hellip;]<\/p>\n","protected":false},"author":4,"featured_media":36786,"comment_status":"open","ping_status":"closed","sticky":false,"template":"","format":"standard","meta":{"footnotes":""},"categories":[1312],"tags":[1299,1440,1298],"class_list":["post-37773","post","type-post","status-publish","format-standard","has-post-thumbnail","hentry","category-noticies","tag-catedra-2","tag-esdeveniments","tag-universitat-de-barcelona-2"],"yoast_head":"<!-- This site is optimized with the Yoast SEO plugin v27.0 - https:\/\/yoast.com\/product\/yoast-seo-wordpress\/ -->\n<title>La C\u00e0tedra organitza la 1a Jornada sobre microorganismes i sanitat vegetal. | Biocontrol Technologies<\/title>\n<meta name=\"description\" content=\"La Universitat de Barcelona acull la 1a Jornada divulgativa de la C\u00e0tedra UB Biocontrol Technologies sobre microorganismes i sanitat vegetal, connectant recerca i sector agr\u00edcola.\" \/>\n<meta name=\"robots\" content=\"index, follow, max-snippet:-1, max-image-preview:large, max-video-preview:-1\" \/>\n<link rel=\"canonical\" href=\"https:\/\/biocontroltechnologies.com\/ca\/2026\/01\/02\/la-catedra-organitza-la-1a-jornada-sobre-microorganismes-i-sanitat-vegetal\/\" \/>\n<meta property=\"og:locale\" content=\"ca_ES\" \/>\n<meta property=\"og:type\" content=\"article\" \/>\n<meta property=\"og:title\" content=\"La C\u00e0tedra organitza la 1a Jornada sobre microorganismes i sanitat vegetal. | Biocontrol Technologies\" \/>\n<meta property=\"og:description\" content=\"La Universitat de Barcelona acull la 1a Jornada divulgativa de la C\u00e0tedra UB Biocontrol Technologies sobre microorganismes i sanitat vegetal, connectant recerca i sector agr\u00edcola.\" \/>\n<meta property=\"og:url\" content=\"https:\/\/biocontroltechnologies.com\/ca\/2026\/01\/02\/la-catedra-organitza-la-1a-jornada-sobre-microorganismes-i-sanitat-vegetal\/\" \/>\n<meta property=\"og:site_name\" content=\"Biocontrol Technologies\" \/>\n<meta property=\"article:published_time\" content=\"2026-01-02T13:56:51+00:00\" \/>\n<meta property=\"article:modified_time\" content=\"2026-03-09T15:36:49+00:00\" \/>\n<meta property=\"og:image\" content=\"https:\/\/biocontroltechnologies.com\/wp-content\/uploads\/2026\/01\/NEWS_Catedra.webp\" \/>\n\t<meta property=\"og:image:width\" content=\"750\" \/>\n\t<meta property=\"og:image:height\" content=\"422\" \/>\n\t<meta property=\"og:image:type\" content=\"image\/webp\" \/>\n<meta name=\"author\" content=\"admin\" \/>\n<meta name=\"twitter:card\" content=\"summary_large_image\" \/>\n<meta name=\"twitter:label1\" content=\"Escrit per\" \/>\n\t<meta name=\"twitter:data1\" content=\"admin\" \/>\n\t<meta name=\"twitter:label2\" content=\"Temps estimat de lectura\" \/>\n\t<meta name=\"twitter:data2\" content=\"4 minuts\" \/>\n<script type=\"application\/ld+json\" class=\"yoast-schema-graph\">{\"@context\":\"https:\/\/schema.org\",\"@graph\":[{\"@type\":\"Article\",\"@id\":\"https:\/\/biocontroltechnologies.com\/ca\/2026\/01\/02\/la-catedra-organitza-la-1a-jornada-sobre-microorganismes-i-sanitat-vegetal\/#article\",\"isPartOf\":{\"@id\":\"https:\/\/biocontroltechnologies.com\/ca\/2026\/01\/02\/la-catedra-organitza-la-1a-jornada-sobre-microorganismes-i-sanitat-vegetal\/\"},\"author\":{\"name\":\"admin\",\"@id\":\"https:\/\/biocontroltechnologies.com\/ca\/#\/schema\/person\/a76cbd647bc29ce74b8578fb153919d6\"},\"headline\":\"La C\u00e0tedra organitza la 1a Jornada sobre microorganismes i sanitat vegetal.\",\"datePublished\":\"2026-01-02T13:56:51+00:00\",\"dateModified\":\"2026-03-09T15:36:49+00:00\",\"mainEntityOfPage\":{\"@id\":\"https:\/\/biocontroltechnologies.com\/ca\/2026\/01\/02\/la-catedra-organitza-la-1a-jornada-sobre-microorganismes-i-sanitat-vegetal\/\"},\"wordCount\":719,\"commentCount\":0,\"image\":{\"@id\":\"https:\/\/biocontroltechnologies.com\/ca\/2026\/01\/02\/la-catedra-organitza-la-1a-jornada-sobre-microorganismes-i-sanitat-vegetal\/#primaryimage\"},\"thumbnailUrl\":\"https:\/\/biocontroltechnologies.com\/wp-content\/uploads\/2026\/01\/NEWS_Catedra.webp\",\"keywords\":[\"Catedra\",\"Esdeveniments;\",\"Universitat de Barcelona\"],\"articleSection\":[\"Noticies\"],\"inLanguage\":\"ca\",\"potentialAction\":[{\"@type\":\"CommentAction\",\"name\":\"Comment\",\"target\":[\"https:\/\/biocontroltechnologies.com\/ca\/2026\/01\/02\/la-catedra-organitza-la-1a-jornada-sobre-microorganismes-i-sanitat-vegetal\/#respond\"]}]},{\"@type\":\"WebPage\",\"@id\":\"https:\/\/biocontroltechnologies.com\/ca\/2026\/01\/02\/la-catedra-organitza-la-1a-jornada-sobre-microorganismes-i-sanitat-vegetal\/\",\"url\":\"https:\/\/biocontroltechnologies.com\/ca\/2026\/01\/02\/la-catedra-organitza-la-1a-jornada-sobre-microorganismes-i-sanitat-vegetal\/\",\"name\":\"La C\u00e0tedra organitza la 1a Jornada sobre microorganismes i sanitat vegetal. | Biocontrol Technologies\",\"isPartOf\":{\"@id\":\"https:\/\/biocontroltechnologies.com\/ca\/#website\"},\"primaryImageOfPage\":{\"@id\":\"https:\/\/biocontroltechnologies.com\/ca\/2026\/01\/02\/la-catedra-organitza-la-1a-jornada-sobre-microorganismes-i-sanitat-vegetal\/#primaryimage\"},\"image\":{\"@id\":\"https:\/\/biocontroltechnologies.com\/ca\/2026\/01\/02\/la-catedra-organitza-la-1a-jornada-sobre-microorganismes-i-sanitat-vegetal\/#primaryimage\"},\"thumbnailUrl\":\"https:\/\/biocontroltechnologies.com\/wp-content\/uploads\/2026\/01\/NEWS_Catedra.webp\",\"datePublished\":\"2026-01-02T13:56:51+00:00\",\"dateModified\":\"2026-03-09T15:36:49+00:00\",\"author\":{\"@id\":\"https:\/\/biocontroltechnologies.com\/ca\/#\/schema\/person\/a76cbd647bc29ce74b8578fb153919d6\"},\"description\":\"La Universitat de Barcelona acull la 1a Jornada divulgativa de la C\u00e0tedra UB Biocontrol Technologies sobre microorganismes i sanitat vegetal, connectant recerca i sector agr\u00edcola.\",\"breadcrumb\":{\"@id\":\"https:\/\/biocontroltechnologies.com\/ca\/2026\/01\/02\/la-catedra-organitza-la-1a-jornada-sobre-microorganismes-i-sanitat-vegetal\/#breadcrumb\"},\"inLanguage\":\"ca\",\"potentialAction\":[{\"@type\":\"ReadAction\",\"target\":[\"https:\/\/biocontroltechnologies.com\/ca\/2026\/01\/02\/la-catedra-organitza-la-1a-jornada-sobre-microorganismes-i-sanitat-vegetal\/\"]}]},{\"@type\":\"ImageObject\",\"inLanguage\":\"ca\",\"@id\":\"https:\/\/biocontroltechnologies.com\/ca\/2026\/01\/02\/la-catedra-organitza-la-1a-jornada-sobre-microorganismes-i-sanitat-vegetal\/#primaryimage\",\"url\":\"https:\/\/biocontroltechnologies.com\/wp-content\/uploads\/2026\/01\/NEWS_Catedra.webp\",\"contentUrl\":\"https:\/\/biocontroltechnologies.com\/wp-content\/uploads\/2026\/01\/NEWS_Catedra.webp\",\"width\":750,\"height\":422},{\"@type\":\"BreadcrumbList\",\"@id\":\"https:\/\/biocontroltechnologies.com\/ca\/2026\/01\/02\/la-catedra-organitza-la-1a-jornada-sobre-microorganismes-i-sanitat-vegetal\/#breadcrumb\",\"itemListElement\":[{\"@type\":\"ListItem\",\"position\":1,\"name\":\"Portada\",\"item\":\"https:\/\/biocontroltechnologies.com\/ca\/\"},{\"@type\":\"ListItem\",\"position\":2,\"name\":\"La C\u00e0tedra organitza la 1a Jornada sobre microorganismes i sanitat vegetal.\"}]},{\"@type\":\"WebSite\",\"@id\":\"https:\/\/biocontroltechnologies.com\/ca\/#website\",\"url\":\"https:\/\/biocontroltechnologies.com\/ca\/\",\"name\":\"Biocontrol Technologies\",\"description\":\"Abordando las enfermedades para transformar la agricultura.\",\"alternateName\":\"Biocontrol Technologies\",\"potentialAction\":[{\"@type\":\"SearchAction\",\"target\":{\"@type\":\"EntryPoint\",\"urlTemplate\":\"https:\/\/biocontroltechnologies.com\/ca\/?s={search_term_string}\"},\"query-input\":{\"@type\":\"PropertyValueSpecification\",\"valueRequired\":true,\"valueName\":\"search_term_string\"}}],\"inLanguage\":\"ca\"},{\"@type\":\"Person\",\"@id\":\"https:\/\/biocontroltechnologies.com\/ca\/#\/schema\/person\/a76cbd647bc29ce74b8578fb153919d6\",\"name\":\"admin\",\"image\":{\"@type\":\"ImageObject\",\"inLanguage\":\"ca\",\"@id\":\"https:\/\/biocontroltechnologies.com\/ca\/#\/schema\/person\/image\/\",\"url\":\"https:\/\/secure.gravatar.com\/avatar\/57572ae7971e7df83df55b3570b01fab5b43d1a24bf0df2db47aabb8209f4bdd?s=96&d=mm&r=g\",\"contentUrl\":\"https:\/\/secure.gravatar.com\/avatar\/57572ae7971e7df83df55b3570b01fab5b43d1a24bf0df2db47aabb8209f4bdd?s=96&d=mm&r=g\",\"caption\":\"admin\"},\"url\":\"https:\/\/biocontroltechnologies.com\/ca\/author\/admin\/\"}]}<\/script>\n<!-- \/ Yoast SEO plugin. -->","yoast_head_json":{"title":"La C\u00e0tedra organitza la 1a Jornada sobre microorganismes i sanitat vegetal. | Biocontrol Technologies","description":"La Universitat de Barcelona acull la 1a Jornada divulgativa de la C\u00e0tedra UB Biocontrol Technologies sobre microorganismes i sanitat vegetal, connectant recerca i sector agr\u00edcola.","robots":{"index":"index","follow":"follow","max-snippet":"max-snippet:-1","max-image-preview":"max-image-preview:large","max-video-preview":"max-video-preview:-1"},"canonical":"https:\/\/biocontroltechnologies.com\/ca\/2026\/01\/02\/la-catedra-organitza-la-1a-jornada-sobre-microorganismes-i-sanitat-vegetal\/","og_locale":"ca_ES","og_type":"article","og_title":"La C\u00e0tedra organitza la 1a Jornada sobre microorganismes i sanitat vegetal. | Biocontrol Technologies","og_description":"La Universitat de Barcelona acull la 1a Jornada divulgativa de la C\u00e0tedra UB Biocontrol Technologies sobre microorganismes i sanitat vegetal, connectant recerca i sector agr\u00edcola.","og_url":"https:\/\/biocontroltechnologies.com\/ca\/2026\/01\/02\/la-catedra-organitza-la-1a-jornada-sobre-microorganismes-i-sanitat-vegetal\/","og_site_name":"Biocontrol Technologies","article_published_time":"2026-01-02T13:56:51+00:00","article_modified_time":"2026-03-09T15:36:49+00:00","og_image":[{"width":750,"height":422,"url":"https:\/\/biocontroltechnologies.com\/wp-content\/uploads\/2026\/01\/NEWS_Catedra.webp","type":"image\/webp"}],"author":"admin","twitter_card":"summary_large_image","twitter_misc":{"Escrit per":"admin","Temps estimat de lectura":"4 minuts"},"schema":{"@context":"https:\/\/schema.org","@graph":[{"@type":"Article","@id":"https:\/\/biocontroltechnologies.com\/ca\/2026\/01\/02\/la-catedra-organitza-la-1a-jornada-sobre-microorganismes-i-sanitat-vegetal\/#article","isPartOf":{"@id":"https:\/\/biocontroltechnologies.com\/ca\/2026\/01\/02\/la-catedra-organitza-la-1a-jornada-sobre-microorganismes-i-sanitat-vegetal\/"},"author":{"name":"admin","@id":"https:\/\/biocontroltechnologies.com\/ca\/#\/schema\/person\/a76cbd647bc29ce74b8578fb153919d6"},"headline":"La C\u00e0tedra organitza la 1a Jornada sobre microorganismes i sanitat vegetal.","datePublished":"2026-01-02T13:56:51+00:00","dateModified":"2026-03-09T15:36:49+00:00","mainEntityOfPage":{"@id":"https:\/\/biocontroltechnologies.com\/ca\/2026\/01\/02\/la-catedra-organitza-la-1a-jornada-sobre-microorganismes-i-sanitat-vegetal\/"},"wordCount":719,"commentCount":0,"image":{"@id":"https:\/\/biocontroltechnologies.com\/ca\/2026\/01\/02\/la-catedra-organitza-la-1a-jornada-sobre-microorganismes-i-sanitat-vegetal\/#primaryimage"},"thumbnailUrl":"https:\/\/biocontroltechnologies.com\/wp-content\/uploads\/2026\/01\/NEWS_Catedra.webp","keywords":["Catedra","Esdeveniments;","Universitat de Barcelona"],"articleSection":["Noticies"],"inLanguage":"ca","potentialAction":[{"@type":"CommentAction","name":"Comment","target":["https:\/\/biocontroltechnologies.com\/ca\/2026\/01\/02\/la-catedra-organitza-la-1a-jornada-sobre-microorganismes-i-sanitat-vegetal\/#respond"]}]},{"@type":"WebPage","@id":"https:\/\/biocontroltechnologies.com\/ca\/2026\/01\/02\/la-catedra-organitza-la-1a-jornada-sobre-microorganismes-i-sanitat-vegetal\/","url":"https:\/\/biocontroltechnologies.com\/ca\/2026\/01\/02\/la-catedra-organitza-la-1a-jornada-sobre-microorganismes-i-sanitat-vegetal\/","name":"La C\u00e0tedra organitza la 1a Jornada sobre microorganismes i sanitat vegetal. | Biocontrol Technologies","isPartOf":{"@id":"https:\/\/biocontroltechnologies.com\/ca\/#website"},"primaryImageOfPage":{"@id":"https:\/\/biocontroltechnologies.com\/ca\/2026\/01\/02\/la-catedra-organitza-la-1a-jornada-sobre-microorganismes-i-sanitat-vegetal\/#primaryimage"},"image":{"@id":"https:\/\/biocontroltechnologies.com\/ca\/2026\/01\/02\/la-catedra-organitza-la-1a-jornada-sobre-microorganismes-i-sanitat-vegetal\/#primaryimage"},"thumbnailUrl":"https:\/\/biocontroltechnologies.com\/wp-content\/uploads\/2026\/01\/NEWS_Catedra.webp","datePublished":"2026-01-02T13:56:51+00:00","dateModified":"2026-03-09T15:36:49+00:00","author":{"@id":"https:\/\/biocontroltechnologies.com\/ca\/#\/schema\/person\/a76cbd647bc29ce74b8578fb153919d6"},"description":"La Universitat de Barcelona acull la 1a Jornada divulgativa de la C\u00e0tedra UB Biocontrol Technologies sobre microorganismes i sanitat vegetal, connectant recerca i sector agr\u00edcola.","breadcrumb":{"@id":"https:\/\/biocontroltechnologies.com\/ca\/2026\/01\/02\/la-catedra-organitza-la-1a-jornada-sobre-microorganismes-i-sanitat-vegetal\/#breadcrumb"},"inLanguage":"ca","potentialAction":[{"@type":"ReadAction","target":["https:\/\/biocontroltechnologies.com\/ca\/2026\/01\/02\/la-catedra-organitza-la-1a-jornada-sobre-microorganismes-i-sanitat-vegetal\/"]}]},{"@type":"ImageObject","inLanguage":"ca","@id":"https:\/\/biocontroltechnologies.com\/ca\/2026\/01\/02\/la-catedra-organitza-la-1a-jornada-sobre-microorganismes-i-sanitat-vegetal\/#primaryimage","url":"https:\/\/biocontroltechnologies.com\/wp-content\/uploads\/2026\/01\/NEWS_Catedra.webp","contentUrl":"https:\/\/biocontroltechnologies.com\/wp-content\/uploads\/2026\/01\/NEWS_Catedra.webp","width":750,"height":422},{"@type":"BreadcrumbList","@id":"https:\/\/biocontroltechnologies.com\/ca\/2026\/01\/02\/la-catedra-organitza-la-1a-jornada-sobre-microorganismes-i-sanitat-vegetal\/#breadcrumb","itemListElement":[{"@type":"ListItem","position":1,"name":"Portada","item":"https:\/\/biocontroltechnologies.com\/ca\/"},{"@type":"ListItem","position":2,"name":"La C\u00e0tedra organitza la 1a Jornada sobre microorganismes i sanitat vegetal."}]},{"@type":"WebSite","@id":"https:\/\/biocontroltechnologies.com\/ca\/#website","url":"https:\/\/biocontroltechnologies.com\/ca\/","name":"Biocontrol Technologies","description":"Abordando las enfermedades para transformar la agricultura.","alternateName":"Biocontrol Technologies","potentialAction":[{"@type":"SearchAction","target":{"@type":"EntryPoint","urlTemplate":"https:\/\/biocontroltechnologies.com\/ca\/?s={search_term_string}"},"query-input":{"@type":"PropertyValueSpecification","valueRequired":true,"valueName":"search_term_string"}}],"inLanguage":"ca"},{"@type":"Person","@id":"https:\/\/biocontroltechnologies.com\/ca\/#\/schema\/person\/a76cbd647bc29ce74b8578fb153919d6","name":"admin","image":{"@type":"ImageObject","inLanguage":"ca","@id":"https:\/\/biocontroltechnologies.com\/ca\/#\/schema\/person\/image\/","url":"https:\/\/secure.gravatar.com\/avatar\/57572ae7971e7df83df55b3570b01fab5b43d1a24bf0df2db47aabb8209f4bdd?s=96&d=mm&r=g","contentUrl":"https:\/\/secure.gravatar.com\/avatar\/57572ae7971e7df83df55b3570b01fab5b43d1a24bf0df2db47aabb8209f4bdd?s=96&d=mm&r=g","caption":"admin"},"url":"https:\/\/biocontroltechnologies.com\/ca\/author\/admin\/"}]}},"_links":{"self":[{"href":"https:\/\/biocontroltechnologies.com\/ca\/wp-json\/wp\/v2\/posts\/37773","targetHints":{"allow":["GET"]}}],"collection":[{"href":"https:\/\/biocontroltechnologies.com\/ca\/wp-json\/wp\/v2\/posts"}],"about":[{"href":"https:\/\/biocontroltechnologies.com\/ca\/wp-json\/wp\/v2\/types\/post"}],"author":[{"embeddable":true,"href":"https:\/\/biocontroltechnologies.com\/ca\/wp-json\/wp\/v2\/users\/4"}],"replies":[{"embeddable":true,"href":"https:\/\/biocontroltechnologies.com\/ca\/wp-json\/wp\/v2\/comments?post=37773"}],"version-history":[{"count":1,"href":"https:\/\/biocontroltechnologies.com\/ca\/wp-json\/wp\/v2\/posts\/37773\/revisions"}],"predecessor-version":[{"id":37774,"href":"https:\/\/biocontroltechnologies.com\/ca\/wp-json\/wp\/v2\/posts\/37773\/revisions\/37774"}],"wp:featuredmedia":[{"embeddable":true,"href":"https:\/\/biocontroltechnologies.com\/ca\/wp-json\/wp\/v2\/media\/36786"}],"wp:attachment":[{"href":"https:\/\/biocontroltechnologies.com\/ca\/wp-json\/wp\/v2\/media?parent=37773"}],"wp:term":[{"taxonomy":"category","embeddable":true,"href":"https:\/\/biocontroltechnologies.com\/ca\/wp-json\/wp\/v2\/categories?post=37773"},{"taxonomy":"post_tag","embeddable":true,"href":"https:\/\/biocontroltechnologies.com\/ca\/wp-json\/wp\/v2\/tags?post=37773"}],"curies":[{"name":"wp","href":"https:\/\/api.w.org\/{rel}","templated":true}]}}