{"id":38569,"date":"2026-04-17T17:02:12","date_gmt":"2026-04-17T15:02:12","guid":{"rendered":"https:\/\/biocontroltechnologies.com\/2026\/04\/17\/biocontrol-technologies-impulsa-la-mobilitat-electrica-ii\/"},"modified":"2026-04-17T17:43:53","modified_gmt":"2026-04-17T15:43:53","slug":"biocontrol-technologies-impulsa-la-mobilitat-electrica-ii","status":"publish","type":"post","link":"https:\/\/biocontroltechnologies.com\/ca\/2026\/04\/17\/biocontrol-technologies-impulsa-la-mobilitat-electrica-ii\/","title":{"rendered":"Biocontrol Technologies impulsa la mobilitat el\u00e8ctrica II"},"content":{"rendered":"\t\t<div data-elementor-type=\"wp-post\" data-elementor-id=\"38569\" class=\"elementor elementor-38569 elementor-38558\" data-elementor-post-type=\"post\">\n\t\t\t\t\t\t<section class=\"elementor-section elementor-top-section elementor-element elementor-element-f4d9b79 elementor-section-boxed elementor-section-height-default elementor-section-height-default\" data-id=\"f4d9b79\" data-element_type=\"section\" data-e-type=\"section\">\n\t\t\t\t\t\t<div class=\"elementor-container elementor-column-gap-default\">\n\t\t\t\t\t<div class=\"elementor-column elementor-col-100 elementor-top-column elementor-element elementor-element-d6e80f7\" data-id=\"d6e80f7\" data-element_type=\"column\" data-e-type=\"column\">\n\t\t\t<div class=\"elementor-widget-wrap elementor-element-populated\">\n\t\t\t\t\t\t<div class=\"elementor-element elementor-element-f376d82 elementor-widget elementor-widget-heading\" data-id=\"f376d82\" data-element_type=\"widget\" data-e-type=\"widget\" data-widget_type=\"heading.default\">\n\t\t\t\t\t<h1 class=\"elementor-heading-title elementor-size-default\">Biocontrol Technologies impulsa la mobilitat el\u00e8ctrica amb la instal\u00b7laci\u00f3 d\u2019un punt de rec\u00e0rrega<\/h1>\t\t\t\t<\/div>\n\t\t\t\t<div class=\"elementor-element elementor-element-68f0411 elementor-share-buttons--shape-circle elementor-share-buttons--view-icon-text elementor-share-buttons--skin-gradient elementor-grid-0 elementor-share-buttons--color-official elementor-widget elementor-widget-share-buttons\" data-id=\"68f0411\" data-element_type=\"widget\" data-e-type=\"widget\" data-widget_type=\"share-buttons.default\">\n\t\t\t\t\t\t\t<div class=\"elementor-grid\" role=\"list\">\n\t\t\t\t\t\t\t\t<div class=\"elementor-grid-item\" role=\"listitem\">\n\t\t\t\t\t\t<div class=\"elementor-share-btn elementor-share-btn_facebook\" role=\"button\" tabindex=\"0\" aria-label=\"Compartici\u00f3 en facebook\">\n\t\t\t\t\t\t\t\t\t\t\t\t\t\t\t<span class=\"elementor-share-btn__icon\">\n\t\t\t\t\t\t\t\t<svg aria-hidden=\"true\" class=\"e-font-icon-svg e-fab-facebook\" viewBox=\"0 0 512 512\" xmlns=\"http:\/\/www.w3.org\/2000\/svg\"><path d=\"M504 256C504 119 393 8 256 8S8 119 8 256c0 123.78 90.69 226.38 209.25 245V327.69h-63V256h63v-54.64c0-62.15 37-96.48 93.67-96.48 27.14 0 55.52 4.84 55.52 4.84v61h-31.28c-30.8 0-40.41 19.12-40.41 38.73V256h68.78l-11 71.69h-57.78V501C413.31 482.38 504 379.78 504 256z\"><\/path><\/svg>\t\t\t\t\t\t\t<\/span>\n\t\t\t\t\t\t\t\t\t\t\t\t\t\t\t\t\t\t\t\t\t\t<div class=\"elementor-share-btn__text\">\n\t\t\t\t\t\t\t\t\t\t\t\t\t\t\t\t\t\t\t<span class=\"elementor-share-btn__title\">\n\t\t\t\t\t\t\t\t\t\tFacebook\t\t\t\t\t\t\t\t\t<\/span>\n\t\t\t\t\t\t\t\t\t\t\t\t\t\t\t\t\t<\/div>\n\t\t\t\t\t\t\t\t\t\t\t\t\t<\/div>\n\t\t\t\t\t<\/div>\n\t\t\t\t\t\t\t\t\t<div class=\"elementor-grid-item\" role=\"listitem\">\n\t\t\t\t\t\t<div class=\"elementor-share-btn elementor-share-btn_twitter\" role=\"button\" tabindex=\"0\" aria-label=\"Compartici\u00f3 en twitter\">\n\t\t\t\t\t\t\t\t\t\t\t\t\t\t\t<span class=\"elementor-share-btn__icon\">\n\t\t\t\t\t\t\t\t<svg aria-hidden=\"true\" class=\"e-font-icon-svg e-fab-twitter\" viewBox=\"0 0 512 512\" xmlns=\"http:\/\/www.w3.org\/2000\/svg\"><path d=\"M459.37 151.716c.325 4.548.325 9.097.325 13.645 0 138.72-105.583 298.558-298.558 298.558-59.452 0-114.68-17.219-161.137-47.106 8.447.974 16.568 1.299 25.34 1.299 49.055 0 94.213-16.568 130.274-44.832-46.132-.975-84.792-31.188-98.112-72.772 6.498.974 12.995 1.624 19.818 1.624 9.421 0 18.843-1.3 27.614-3.573-48.081-9.747-84.143-51.98-84.143-102.985v-1.299c13.969 7.797 30.214 12.67 47.431 13.319-28.264-18.843-46.781-51.005-46.781-87.391 0-19.492 5.197-37.36 14.294-52.954 51.655 63.675 129.3 105.258 216.365 109.807-1.624-7.797-2.599-15.918-2.599-24.04 0-57.828 46.782-104.934 104.934-104.934 30.213 0 57.502 12.67 76.67 33.137 23.715-4.548 46.456-13.32 66.599-25.34-7.798 24.366-24.366 44.833-46.132 57.827 21.117-2.273 41.584-8.122 60.426-16.243-14.292 20.791-32.161 39.308-52.628 54.253z\"><\/path><\/svg>\t\t\t\t\t\t\t<\/span>\n\t\t\t\t\t\t\t\t\t\t\t\t\t\t\t\t\t\t\t\t\t\t<div class=\"elementor-share-btn__text\">\n\t\t\t\t\t\t\t\t\t\t\t\t\t\t\t\t\t\t\t<span class=\"elementor-share-btn__title\">\n\t\t\t\t\t\t\t\t\t\tTwitter\t\t\t\t\t\t\t\t\t<\/span>\n\t\t\t\t\t\t\t\t\t\t\t\t\t\t\t\t\t<\/div>\n\t\t\t\t\t\t\t\t\t\t\t\t\t<\/div>\n\t\t\t\t\t<\/div>\n\t\t\t\t\t\t\t\t\t<div class=\"elementor-grid-item\" role=\"listitem\">\n\t\t\t\t\t\t<div class=\"elementor-share-btn elementor-share-btn_linkedin\" role=\"button\" tabindex=\"0\" aria-label=\"Compartici\u00f3 en linkedin\">\n\t\t\t\t\t\t\t\t\t\t\t\t\t\t\t<span class=\"elementor-share-btn__icon\">\n\t\t\t\t\t\t\t\t<svg aria-hidden=\"true\" class=\"e-font-icon-svg e-fab-linkedin\" viewBox=\"0 0 448 512\" xmlns=\"http:\/\/www.w3.org\/2000\/svg\"><path d=\"M416 32H31.9C14.3 32 0 46.5 0 64.3v383.4C0 465.5 14.3 480 31.9 480H416c17.6 0 32-14.5 32-32.3V64.3c0-17.8-14.4-32.3-32-32.3zM135.4 416H69V202.2h66.5V416zm-33.2-243c-21.3 0-38.5-17.3-38.5-38.5S80.9 96 102.2 96c21.2 0 38.5 17.3 38.5 38.5 0 21.3-17.2 38.5-38.5 38.5zm282.1 243h-66.4V312c0-24.8-.5-56.7-34.5-56.7-34.6 0-39.9 27-39.9 54.9V416h-66.4V202.2h63.7v29.2h.9c8.9-16.8 30.6-34.5 62.9-34.5 67.2 0 79.7 44.3 79.7 101.9V416z\"><\/path><\/svg>\t\t\t\t\t\t\t<\/span>\n\t\t\t\t\t\t\t\t\t\t\t\t\t\t\t\t\t\t\t\t\t\t<div class=\"elementor-share-btn__text\">\n\t\t\t\t\t\t\t\t\t\t\t\t\t\t\t\t\t\t\t<span class=\"elementor-share-btn__title\">\n\t\t\t\t\t\t\t\t\t\tLinkedIn\t\t\t\t\t\t\t\t\t<\/span>\n\t\t\t\t\t\t\t\t\t\t\t\t\t\t\t\t\t<\/div>\n\t\t\t\t\t\t\t\t\t\t\t\t\t<\/div>\n\t\t\t\t\t<\/div>\n\t\t\t\t\t\t<\/div>\n\t\t\t\t\t\t<\/div>\n\t\t\t\t<div class=\"elementor-element elementor-element-9374ddd elementor-widget elementor-widget-text-editor\" data-id=\"9374ddd\" data-element_type=\"widget\" data-e-type=\"widget\" data-widget_type=\"text-editor.default\">\n\t\t\t\t\t\t\t\t\t<p>Biocontrol Technologies continua avan\u00e7ant en el seu comprom\u00eds amb la sostenibilitat i la reducci\u00f3 de la seva petjada ambiental mitjan\u00e7ant la instal\u00b7laci\u00f3 d\u2019un punt de rec\u00e0rrega per a vehicles el\u00e8ctrics a les seves instal\u00b7lacions.<\/p>\t\t\t\t\t\t\t\t<\/div>\n\t\t\t\t<div class=\"elementor-element elementor-element-65a6ae4 elementor-widget elementor-widget-text-editor\" data-id=\"65a6ae4\" data-element_type=\"widget\" data-e-type=\"widget\" data-widget_type=\"text-editor.default\">\n\t\t\t\t\t\t\t\t\t<p>Aquesta actuaci\u00f3 ha estat possible gr\u00e0cies a una subvenci\u00f3 destinada a fomentar la mobilitat el\u00e8ctrica i la transici\u00f3 cap a un model energ\u00e8tic m\u00e9s eficient i respectu\u00f3s amb el medi ambient. La instal\u00b7laci\u00f3 del punt de rec\u00e0rrega facilita l\u2019\u00fas de vehicles el\u00e8ctrics a l\u2019empresa, tant per a l\u2019equip com per a futures iniciatives vinculades a la mobilitat sostenible. Amb aquesta acci\u00f3, Biocontrol Technologies refor\u00e7a la seva aposta per integrar solucions sostenibles a la seva activitat di\u00e0ria i s\u2019alinea amb els objectius de descarbonitzaci\u00f3 i efici\u00e8ncia energ\u00e8tica impulsats a escala europea i nacional.  <\/p><p>La incorporaci\u00f3 d\u2019infraestructures de rec\u00e0rrega suposa un pas clau per consolidar l\u2019\u00fas d\u2019energies netes en l\u2019\u00e0mbit empresarial.<\/p><p>El projecte ha comptat amb el suport dels organismes competents i s\u2019emmarca en els ajuts destinats a promoure l\u2019electrificaci\u00f3 del transport, contribuint aix\u00ed a reduir les emissions i a impulsar un model energ\u00e8tic m\u00e9s sostenible.<\/p><p>Des de Biocontrol Technologies es continuar\u00e0 treballant en la implementaci\u00f3 de mesures que fomentin la sostenibilitat, tant en l\u2019\u00e0mbit de la mobilitat com en el desenvolupament de solucions innovadores per a una agricultura m\u00e9s eficient i respectuosa amb l\u2019entorn.<\/p>\t\t\t\t\t\t\t\t<\/div>\n\t\t<div class=\"elementor-element elementor-element-06a4984 e-flex e-con-boxed e-con e-parent\" data-id=\"06a4984\" data-element_type=\"container\" data-e-type=\"container\">\n\t\t\t\t\t<div class=\"e-con-inner\">\n\t\t\t\t<div class=\"elementor-element elementor-element-451fe55 elementor-widget elementor-widget-image\" data-id=\"451fe55\" data-element_type=\"widget\" data-e-type=\"widget\" data-widget_type=\"image.default\">\n\t\t\t\t\t\t\t\t\t\t\t\t\t\t\t<img fetchpriority=\"high\" decoding=\"async\" width=\"640\" height=\"640\" src=\"https:\/\/biocontroltechnologies.com\/wp-content\/uploads\/2025\/11\/Adhesiu-vehicle-activitat-economica-MOVES-III-2025_v-640x640.webp\" class=\"attachment-large size-large wp-image-30340\" alt=\"\" srcset=\"https:\/\/biocontroltechnologies.com\/wp-content\/uploads\/2025\/11\/Adhesiu-vehicle-activitat-economica-MOVES-III-2025_v-640x640.webp 640w, https:\/\/biocontroltechnologies.com\/wp-content\/uploads\/2025\/11\/Adhesiu-vehicle-activitat-economica-MOVES-III-2025_v-300x300.webp 300w, https:\/\/biocontroltechnologies.com\/wp-content\/uploads\/2025\/11\/Adhesiu-vehicle-activitat-economica-MOVES-III-2025_v-150x150.webp 150w, https:\/\/biocontroltechnologies.com\/wp-content\/uploads\/2025\/11\/Adhesiu-vehicle-activitat-economica-MOVES-III-2025_v-100x100.webp 100w\" sizes=\"(max-width: 640px) 100vw, 640px\" \/>\t\t\t\t\t\t\t\t\t\t\t\t\t\t\t<\/div>\n\t\t<div class=\"elementor-element elementor-element-7bc3be2 e-con-full e-flex e-con e-child\" data-id=\"7bc3be2\" data-element_type=\"container\" data-e-type=\"container\">\n\t\t\t\t<div class=\"elementor-element elementor-element-93c5faf elementor-widget elementor-widget-text-editor\" data-id=\"93c5faf\" data-element_type=\"widget\" data-e-type=\"widget\" data-widget_type=\"text-editor.default\">\n\t\t\t\t\t\t\t\t\t<div style=\"max-width: 640px; background-color: #d9d9d9; padding: 22px 24px; border-radius: 8px; font-family: Arial, sans-serif; color: #1f1f1f;\"><p style=\"margin: 0 0 8px 0; font-size: 18px; font-weight: bold;\">Beneficiari:<\/p><div style=\"background-color: #dfe3f7; padding: 10px 14px; margin-bottom: 18px; font-size: 16px; line-height: 1.4;\">Biocontrol Technologies SL<\/div><p style=\"margin: 0 0 8px 0; font-size: 18px; font-weight: bold;\">Inversi\u00f3 total:<\/p><div style=\"background-color: #dfe3f7; padding: 10px 14px; margin-bottom: 18px; font-size: 16px; line-height: 1.4;\">3.829,00 \u20ac<\/div><p style=\"margin: 0 0 8px 0; font-size: 18px; font-weight: bold;\">Import de l&#8217;ajuda:<\/p><div style=\"background-color: #dfe3f7; padding: 10px 14px; font-size: 16px; line-height: 1.4;\">1.148,70 \u20ac<\/div><\/div>\t\t\t\t\t\t\t\t<\/div>\n\t\t\t\t<\/div>\n\t\t\t\t\t<\/div>\n\t\t\t\t<\/div>\n\t\t\t\t<div class=\"elementor-element elementor-element-f0a14b9 elementor-widget elementor-widget-image\" data-id=\"f0a14b9\" data-element_type=\"widget\" data-e-type=\"widget\" data-widget_type=\"image.default\">\n\t\t\t\t\t\t\t\t\t\t\t\t\t\t\t<img decoding=\"async\" width=\"2345\" height=\"325\" src=\"https:\/\/biocontroltechnologies.com\/wp-content\/uploads\/2025\/11\/Composicio-tots-els-logos.png\" class=\"attachment-full size-full wp-image-30336\" alt=\"\" srcset=\"https:\/\/biocontroltechnologies.com\/wp-content\/uploads\/2025\/11\/Composicio-tots-els-logos.png 2345w, https:\/\/biocontroltechnologies.com\/wp-content\/uploads\/2025\/11\/Composicio-tots-els-logos-768x106.png 768w, https:\/\/biocontroltechnologies.com\/wp-content\/uploads\/2025\/11\/Composicio-tots-els-logos-1536x213.png 1536w, https:\/\/biocontroltechnologies.com\/wp-content\/uploads\/2025\/11\/Composicio-tots-els-logos-2048x284.png 2048w, https:\/\/biocontroltechnologies.com\/wp-content\/uploads\/2025\/11\/Composicio-tots-els-logos-600x83.png 600w\" sizes=\"(max-width: 2345px) 100vw, 2345px\" \/>\t\t\t\t\t\t\t\t\t\t\t\t\t\t\t<\/div>\n\t\t\t\t\t<\/div>\n\t\t<\/div>\n\t\t\t\t\t<\/div>\n\t\t<\/section>\n\t\t\t\t<\/div>\n\t\t","protected":false},"excerpt":{"rendered":"<p>Biocontrol Technologies impulsa la mobilitat el\u00e8ctrica amb la instal\u00b7laci\u00f3 d\u2019un punt de rec\u00e0rrega Facebook Twitter LinkedIn Biocontrol Technologies continua avan\u00e7ant en el seu comprom\u00eds amb la sostenibilitat i la reducci\u00f3 de la seva petjada ambiental mitjan\u00e7ant la instal\u00b7laci\u00f3 d\u2019un punt de rec\u00e0rrega per a vehicles el\u00e8ctrics a les seves instal\u00b7lacions. Aquesta actuaci\u00f3 ha estat possible [&hellip;]<\/p>\n","protected":false},"author":7,"featured_media":30340,"comment_status":"open","ping_status":"open","sticky":false,"template":"","format":"standard","meta":{"footnotes":""},"categories":[1312],"tags":[],"class_list":["post-38569","post","type-post","status-publish","format-standard","has-post-thumbnail","hentry","category-noticies"],"yoast_head":"<!-- This site is optimized with the Yoast SEO plugin v27.0 - https:\/\/yoast.com\/product\/yoast-seo-wordpress\/ -->\n<title>Biocontrol Technologies impulsa la mobilitat el\u00e8ctrica II | Biocontrol Technologies<\/title>\n<meta name=\"robots\" content=\"index, follow, max-snippet:-1, max-image-preview:large, max-video-preview:-1\" \/>\n<link rel=\"canonical\" href=\"https:\/\/biocontroltechnologies.com\/ca\/2026\/04\/17\/biocontrol-technologies-impulsa-la-mobilitat-electrica-ii\/\" \/>\n<meta property=\"og:locale\" content=\"ca_ES\" \/>\n<meta property=\"og:type\" content=\"article\" \/>\n<meta property=\"og:title\" content=\"Biocontrol Technologies impulsa la mobilitat el\u00e8ctrica II | Biocontrol Technologies\" \/>\n<meta property=\"og:description\" content=\"Biocontrol Technologies impulsa la mobilitat el\u00e8ctrica amb la instal\u00b7laci\u00f3 d\u2019un punt de rec\u00e0rrega Facebook Twitter LinkedIn Biocontrol Technologies continua avan\u00e7ant en el seu comprom\u00eds amb la sostenibilitat i la reducci\u00f3 de la seva petjada ambiental mitjan\u00e7ant la instal\u00b7laci\u00f3 d\u2019un punt de rec\u00e0rrega per a vehicles el\u00e8ctrics a les seves instal\u00b7lacions. Aquesta actuaci\u00f3 ha estat possible [&hellip;]\" \/>\n<meta property=\"og:url\" content=\"https:\/\/biocontroltechnologies.com\/ca\/2026\/04\/17\/biocontrol-technologies-impulsa-la-mobilitat-electrica-ii\/\" \/>\n<meta property=\"og:site_name\" content=\"Biocontrol Technologies\" \/>\n<meta property=\"article:published_time\" content=\"2026-04-17T15:02:12+00:00\" \/>\n<meta property=\"article:modified_time\" content=\"2026-04-17T15:43:53+00:00\" \/>\n<meta property=\"og:image\" content=\"https:\/\/biocontroltechnologies.com\/wp-content\/uploads\/2025\/11\/Adhesiu-vehicle-activitat-economica-MOVES-III-2025_v.webp\" \/>\n\t<meta property=\"og:image:width\" content=\"1920\" \/>\n\t<meta property=\"og:image:height\" content=\"1554\" \/>\n\t<meta property=\"og:image:type\" content=\"image\/webp\" \/>\n<meta name=\"author\" content=\"Admin-Xavi\" \/>\n<meta name=\"twitter:card\" content=\"summary_large_image\" \/>\n<meta name=\"twitter:label1\" content=\"Escrit per\" \/>\n\t<meta name=\"twitter:data1\" content=\"Admin-Xavi\" \/>\n\t<meta name=\"twitter:label2\" content=\"Temps estimat de lectura\" \/>\n\t<meta name=\"twitter:data2\" content=\"1 minut\" \/>\n<script type=\"application\/ld+json\" class=\"yoast-schema-graph\">{\"@context\":\"https:\/\/schema.org\",\"@graph\":[{\"@type\":\"Article\",\"@id\":\"https:\/\/biocontroltechnologies.com\/ca\/2026\/04\/17\/biocontrol-technologies-impulsa-la-mobilitat-electrica-ii\/#article\",\"isPartOf\":{\"@id\":\"https:\/\/biocontroltechnologies.com\/ca\/2026\/04\/17\/biocontrol-technologies-impulsa-la-mobilitat-electrica-ii\/\"},\"author\":{\"name\":\"Admin-Xavi\",\"@id\":\"https:\/\/biocontroltechnologies.com\/ca\/#\/schema\/person\/5f3c420e494ed98a1fcb4e0851b9e46b\"},\"headline\":\"Biocontrol Technologies impulsa la mobilitat el\u00e8ctrica II\",\"datePublished\":\"2026-04-17T15:02:12+00:00\",\"dateModified\":\"2026-04-17T15:43:53+00:00\",\"mainEntityOfPage\":{\"@id\":\"https:\/\/biocontroltechnologies.com\/ca\/2026\/04\/17\/biocontrol-technologies-impulsa-la-mobilitat-electrica-ii\/\"},\"wordCount\":290,\"commentCount\":0,\"image\":{\"@id\":\"https:\/\/biocontroltechnologies.com\/ca\/2026\/04\/17\/biocontrol-technologies-impulsa-la-mobilitat-electrica-ii\/#primaryimage\"},\"thumbnailUrl\":\"https:\/\/biocontroltechnologies.com\/wp-content\/uploads\/2025\/11\/Adhesiu-vehicle-activitat-economica-MOVES-III-2025_v.webp\",\"articleSection\":[\"Noticies\"],\"inLanguage\":\"ca\",\"potentialAction\":[{\"@type\":\"CommentAction\",\"name\":\"Comment\",\"target\":[\"https:\/\/biocontroltechnologies.com\/ca\/2026\/04\/17\/biocontrol-technologies-impulsa-la-mobilitat-electrica-ii\/#respond\"]}]},{\"@type\":\"WebPage\",\"@id\":\"https:\/\/biocontroltechnologies.com\/ca\/2026\/04\/17\/biocontrol-technologies-impulsa-la-mobilitat-electrica-ii\/\",\"url\":\"https:\/\/biocontroltechnologies.com\/ca\/2026\/04\/17\/biocontrol-technologies-impulsa-la-mobilitat-electrica-ii\/\",\"name\":\"Biocontrol Technologies impulsa la mobilitat el\u00e8ctrica II | Biocontrol Technologies\",\"isPartOf\":{\"@id\":\"https:\/\/biocontroltechnologies.com\/ca\/#website\"},\"primaryImageOfPage\":{\"@id\":\"https:\/\/biocontroltechnologies.com\/ca\/2026\/04\/17\/biocontrol-technologies-impulsa-la-mobilitat-electrica-ii\/#primaryimage\"},\"image\":{\"@id\":\"https:\/\/biocontroltechnologies.com\/ca\/2026\/04\/17\/biocontrol-technologies-impulsa-la-mobilitat-electrica-ii\/#primaryimage\"},\"thumbnailUrl\":\"https:\/\/biocontroltechnologies.com\/wp-content\/uploads\/2025\/11\/Adhesiu-vehicle-activitat-economica-MOVES-III-2025_v.webp\",\"datePublished\":\"2026-04-17T15:02:12+00:00\",\"dateModified\":\"2026-04-17T15:43:53+00:00\",\"author\":{\"@id\":\"https:\/\/biocontroltechnologies.com\/ca\/#\/schema\/person\/5f3c420e494ed98a1fcb4e0851b9e46b\"},\"breadcrumb\":{\"@id\":\"https:\/\/biocontroltechnologies.com\/ca\/2026\/04\/17\/biocontrol-technologies-impulsa-la-mobilitat-electrica-ii\/#breadcrumb\"},\"inLanguage\":\"ca\",\"potentialAction\":[{\"@type\":\"ReadAction\",\"target\":[\"https:\/\/biocontroltechnologies.com\/ca\/2026\/04\/17\/biocontrol-technologies-impulsa-la-mobilitat-electrica-ii\/\"]}]},{\"@type\":\"ImageObject\",\"inLanguage\":\"ca\",\"@id\":\"https:\/\/biocontroltechnologies.com\/ca\/2026\/04\/17\/biocontrol-technologies-impulsa-la-mobilitat-electrica-ii\/#primaryimage\",\"url\":\"https:\/\/biocontroltechnologies.com\/wp-content\/uploads\/2025\/11\/Adhesiu-vehicle-activitat-economica-MOVES-III-2025_v.webp\",\"contentUrl\":\"https:\/\/biocontroltechnologies.com\/wp-content\/uploads\/2025\/11\/Adhesiu-vehicle-activitat-economica-MOVES-III-2025_v.webp\",\"width\":1920,\"height\":1554},{\"@type\":\"BreadcrumbList\",\"@id\":\"https:\/\/biocontroltechnologies.com\/ca\/2026\/04\/17\/biocontrol-technologies-impulsa-la-mobilitat-electrica-ii\/#breadcrumb\",\"itemListElement\":[{\"@type\":\"ListItem\",\"position\":1,\"name\":\"Portada\",\"item\":\"https:\/\/biocontroltechnologies.com\/ca\/\"},{\"@type\":\"ListItem\",\"position\":2,\"name\":\"Biocontrol Technologies impulsa la mobilitat el\u00e8ctrica II\"}]},{\"@type\":\"WebSite\",\"@id\":\"https:\/\/biocontroltechnologies.com\/ca\/#website\",\"url\":\"https:\/\/biocontroltechnologies.com\/ca\/\",\"name\":\"Biocontrol Technologies\",\"description\":\"Abordando las enfermedades para transformar la agricultura.\",\"alternateName\":\"Biocontrol Technologies\",\"potentialAction\":[{\"@type\":\"SearchAction\",\"target\":{\"@type\":\"EntryPoint\",\"urlTemplate\":\"https:\/\/biocontroltechnologies.com\/ca\/?s={search_term_string}\"},\"query-input\":{\"@type\":\"PropertyValueSpecification\",\"valueRequired\":true,\"valueName\":\"search_term_string\"}}],\"inLanguage\":\"ca\"},{\"@type\":\"Person\",\"@id\":\"https:\/\/biocontroltechnologies.com\/ca\/#\/schema\/person\/5f3c420e494ed98a1fcb4e0851b9e46b\",\"name\":\"Admin-Xavi\",\"image\":{\"@type\":\"ImageObject\",\"inLanguage\":\"ca\",\"@id\":\"https:\/\/biocontroltechnologies.com\/ca\/#\/schema\/person\/image\/\",\"url\":\"https:\/\/secure.gravatar.com\/avatar\/4d80b1b24b3c205977ac67b583883cc164177544835d519ece21a5648202a1fd?s=96&d=mm&r=g\",\"contentUrl\":\"https:\/\/secure.gravatar.com\/avatar\/4d80b1b24b3c205977ac67b583883cc164177544835d519ece21a5648202a1fd?s=96&d=mm&r=g\",\"caption\":\"Admin-Xavi\"},\"url\":\"https:\/\/biocontroltechnologies.com\/ca\/author\/admin-xavi\/\"}]}<\/script>\n<!-- \/ Yoast SEO plugin. -->","yoast_head_json":{"title":"Biocontrol Technologies impulsa la mobilitat el\u00e8ctrica II | Biocontrol Technologies","robots":{"index":"index","follow":"follow","max-snippet":"max-snippet:-1","max-image-preview":"max-image-preview:large","max-video-preview":"max-video-preview:-1"},"canonical":"https:\/\/biocontroltechnologies.com\/ca\/2026\/04\/17\/biocontrol-technologies-impulsa-la-mobilitat-electrica-ii\/","og_locale":"ca_ES","og_type":"article","og_title":"Biocontrol Technologies impulsa la mobilitat el\u00e8ctrica II | Biocontrol Technologies","og_description":"Biocontrol Technologies impulsa la mobilitat el\u00e8ctrica amb la instal\u00b7laci\u00f3 d\u2019un punt de rec\u00e0rrega Facebook Twitter LinkedIn Biocontrol Technologies continua avan\u00e7ant en el seu comprom\u00eds amb la sostenibilitat i la reducci\u00f3 de la seva petjada ambiental mitjan\u00e7ant la instal\u00b7laci\u00f3 d\u2019un punt de rec\u00e0rrega per a vehicles el\u00e8ctrics a les seves instal\u00b7lacions. Aquesta actuaci\u00f3 ha estat possible [&hellip;]","og_url":"https:\/\/biocontroltechnologies.com\/ca\/2026\/04\/17\/biocontrol-technologies-impulsa-la-mobilitat-electrica-ii\/","og_site_name":"Biocontrol Technologies","article_published_time":"2026-04-17T15:02:12+00:00","article_modified_time":"2026-04-17T15:43:53+00:00","og_image":[{"width":1920,"height":1554,"url":"https:\/\/biocontroltechnologies.com\/wp-content\/uploads\/2025\/11\/Adhesiu-vehicle-activitat-economica-MOVES-III-2025_v.webp","type":"image\/webp"}],"author":"Admin-Xavi","twitter_card":"summary_large_image","twitter_misc":{"Escrit per":"Admin-Xavi","Temps estimat de lectura":"1 minut"},"schema":{"@context":"https:\/\/schema.org","@graph":[{"@type":"Article","@id":"https:\/\/biocontroltechnologies.com\/ca\/2026\/04\/17\/biocontrol-technologies-impulsa-la-mobilitat-electrica-ii\/#article","isPartOf":{"@id":"https:\/\/biocontroltechnologies.com\/ca\/2026\/04\/17\/biocontrol-technologies-impulsa-la-mobilitat-electrica-ii\/"},"author":{"name":"Admin-Xavi","@id":"https:\/\/biocontroltechnologies.com\/ca\/#\/schema\/person\/5f3c420e494ed98a1fcb4e0851b9e46b"},"headline":"Biocontrol Technologies impulsa la mobilitat el\u00e8ctrica II","datePublished":"2026-04-17T15:02:12+00:00","dateModified":"2026-04-17T15:43:53+00:00","mainEntityOfPage":{"@id":"https:\/\/biocontroltechnologies.com\/ca\/2026\/04\/17\/biocontrol-technologies-impulsa-la-mobilitat-electrica-ii\/"},"wordCount":290,"commentCount":0,"image":{"@id":"https:\/\/biocontroltechnologies.com\/ca\/2026\/04\/17\/biocontrol-technologies-impulsa-la-mobilitat-electrica-ii\/#primaryimage"},"thumbnailUrl":"https:\/\/biocontroltechnologies.com\/wp-content\/uploads\/2025\/11\/Adhesiu-vehicle-activitat-economica-MOVES-III-2025_v.webp","articleSection":["Noticies"],"inLanguage":"ca","potentialAction":[{"@type":"CommentAction","name":"Comment","target":["https:\/\/biocontroltechnologies.com\/ca\/2026\/04\/17\/biocontrol-technologies-impulsa-la-mobilitat-electrica-ii\/#respond"]}]},{"@type":"WebPage","@id":"https:\/\/biocontroltechnologies.com\/ca\/2026\/04\/17\/biocontrol-technologies-impulsa-la-mobilitat-electrica-ii\/","url":"https:\/\/biocontroltechnologies.com\/ca\/2026\/04\/17\/biocontrol-technologies-impulsa-la-mobilitat-electrica-ii\/","name":"Biocontrol Technologies impulsa la mobilitat el\u00e8ctrica II | Biocontrol Technologies","isPartOf":{"@id":"https:\/\/biocontroltechnologies.com\/ca\/#website"},"primaryImageOfPage":{"@id":"https:\/\/biocontroltechnologies.com\/ca\/2026\/04\/17\/biocontrol-technologies-impulsa-la-mobilitat-electrica-ii\/#primaryimage"},"image":{"@id":"https:\/\/biocontroltechnologies.com\/ca\/2026\/04\/17\/biocontrol-technologies-impulsa-la-mobilitat-electrica-ii\/#primaryimage"},"thumbnailUrl":"https:\/\/biocontroltechnologies.com\/wp-content\/uploads\/2025\/11\/Adhesiu-vehicle-activitat-economica-MOVES-III-2025_v.webp","datePublished":"2026-04-17T15:02:12+00:00","dateModified":"2026-04-17T15:43:53+00:00","author":{"@id":"https:\/\/biocontroltechnologies.com\/ca\/#\/schema\/person\/5f3c420e494ed98a1fcb4e0851b9e46b"},"breadcrumb":{"@id":"https:\/\/biocontroltechnologies.com\/ca\/2026\/04\/17\/biocontrol-technologies-impulsa-la-mobilitat-electrica-ii\/#breadcrumb"},"inLanguage":"ca","potentialAction":[{"@type":"ReadAction","target":["https:\/\/biocontroltechnologies.com\/ca\/2026\/04\/17\/biocontrol-technologies-impulsa-la-mobilitat-electrica-ii\/"]}]},{"@type":"ImageObject","inLanguage":"ca","@id":"https:\/\/biocontroltechnologies.com\/ca\/2026\/04\/17\/biocontrol-technologies-impulsa-la-mobilitat-electrica-ii\/#primaryimage","url":"https:\/\/biocontroltechnologies.com\/wp-content\/uploads\/2025\/11\/Adhesiu-vehicle-activitat-economica-MOVES-III-2025_v.webp","contentUrl":"https:\/\/biocontroltechnologies.com\/wp-content\/uploads\/2025\/11\/Adhesiu-vehicle-activitat-economica-MOVES-III-2025_v.webp","width":1920,"height":1554},{"@type":"BreadcrumbList","@id":"https:\/\/biocontroltechnologies.com\/ca\/2026\/04\/17\/biocontrol-technologies-impulsa-la-mobilitat-electrica-ii\/#breadcrumb","itemListElement":[{"@type":"ListItem","position":1,"name":"Portada","item":"https:\/\/biocontroltechnologies.com\/ca\/"},{"@type":"ListItem","position":2,"name":"Biocontrol Technologies impulsa la mobilitat el\u00e8ctrica II"}]},{"@type":"WebSite","@id":"https:\/\/biocontroltechnologies.com\/ca\/#website","url":"https:\/\/biocontroltechnologies.com\/ca\/","name":"Biocontrol Technologies","description":"Abordando las enfermedades para transformar la agricultura.","alternateName":"Biocontrol Technologies","potentialAction":[{"@type":"SearchAction","target":{"@type":"EntryPoint","urlTemplate":"https:\/\/biocontroltechnologies.com\/ca\/?s={search_term_string}"},"query-input":{"@type":"PropertyValueSpecification","valueRequired":true,"valueName":"search_term_string"}}],"inLanguage":"ca"},{"@type":"Person","@id":"https:\/\/biocontroltechnologies.com\/ca\/#\/schema\/person\/5f3c420e494ed98a1fcb4e0851b9e46b","name":"Admin-Xavi","image":{"@type":"ImageObject","inLanguage":"ca","@id":"https:\/\/biocontroltechnologies.com\/ca\/#\/schema\/person\/image\/","url":"https:\/\/secure.gravatar.com\/avatar\/4d80b1b24b3c205977ac67b583883cc164177544835d519ece21a5648202a1fd?s=96&d=mm&r=g","contentUrl":"https:\/\/secure.gravatar.com\/avatar\/4d80b1b24b3c205977ac67b583883cc164177544835d519ece21a5648202a1fd?s=96&d=mm&r=g","caption":"Admin-Xavi"},"url":"https:\/\/biocontroltechnologies.com\/ca\/author\/admin-xavi\/"}]}},"_links":{"self":[{"href":"https:\/\/biocontroltechnologies.com\/ca\/wp-json\/wp\/v2\/posts\/38569","targetHints":{"allow":["GET"]}}],"collection":[{"href":"https:\/\/biocontroltechnologies.com\/ca\/wp-json\/wp\/v2\/posts"}],"about":[{"href":"https:\/\/biocontroltechnologies.com\/ca\/wp-json\/wp\/v2\/types\/post"}],"author":[{"embeddable":true,"href":"https:\/\/biocontroltechnologies.com\/ca\/wp-json\/wp\/v2\/users\/7"}],"replies":[{"embeddable":true,"href":"https:\/\/biocontroltechnologies.com\/ca\/wp-json\/wp\/v2\/comments?post=38569"}],"version-history":[{"count":6,"href":"https:\/\/biocontroltechnologies.com\/ca\/wp-json\/wp\/v2\/posts\/38569\/revisions"}],"predecessor-version":[{"id":38613,"href":"https:\/\/biocontroltechnologies.com\/ca\/wp-json\/wp\/v2\/posts\/38569\/revisions\/38613"}],"wp:featuredmedia":[{"embeddable":true,"href":"https:\/\/biocontroltechnologies.com\/ca\/wp-json\/wp\/v2\/media\/30340"}],"wp:attachment":[{"href":"https:\/\/biocontroltechnologies.com\/ca\/wp-json\/wp\/v2\/media?parent=38569"}],"wp:term":[{"taxonomy":"category","embeddable":true,"href":"https:\/\/biocontroltechnologies.com\/ca\/wp-json\/wp\/v2\/categories?post=38569"},{"taxonomy":"post_tag","embeddable":true,"href":"https:\/\/biocontroltechnologies.com\/ca\/wp-json\/wp\/v2\/tags?post=38569"}],"curies":[{"name":"wp","href":"https:\/\/api.w.org\/{rel}","templated":true}]}}